{"id":32973,"date":"2018-07-04T00:26:31","date_gmt":"2018-07-03T22:26:31","guid":{"rendered":"http:\/\/www.area-press.eu\/comunicatistampa\/?p=32973"},"modified":"2018-07-04T00:26:31","modified_gmt":"2018-07-03T22:26:31","slug":"le-principali-proprieta-di-una-crema-per-macchie-solari-a-base-di-bava-di-lumaca","status":"publish","type":"post","link":"https:\/\/www.area-press.eu\/comunicatistampa\/2018\/07\/04\/le-principali-proprieta-di-una-crema-per-macchie-solari-a-base-di-bava-di-lumaca\/","title":{"rendered":"Le Principali Propriet\u00e0 Di Una Crema Per Macchie Solari A Base Di Bava Di Lumaca"},"content":{"rendered":"<p>Coloro che vogliono diminuire la presenza di macchie della pelle possono contare su una sostanza davvero eccezionale come la <strong>bava di lumaca<\/strong>. Non \u00e8 un caso che <a href=\"https:\/\/bioluma.it\/blog\/crema-anti-macchie-viso-efficace-bava-lumaca\/\"><strong>le principali creme per macchie solari hanno al loro interno la bava di lumaca<\/strong><\/a>. La <strong>bava di lumaca<\/strong> infatti, riesce a garantire una pulizia profonda dell&#8217;epidermide e lo fa grazie a quelli che sono i principi naturali dell&#8217;organismo da un punto di vista di sali minerali e di sostanze da attivare. Tra le problematiche principali della pelle le macchie solari sono sicuramente quelle pi\u00f9 fastidiose. Infatti, si tratta di imperfezioni che interessano sempre pi\u00f9 persone nel corso degli anni. Molto spesso, le macchie solari compaiono perch\u00e9 ci si espone al sole in modo inadeguato e senza utilizzare dei filtri. Le <strong>macchie solari i<\/strong>n realt\u00e0 non sono altro che degli accumuli di melanina che viene prodotta dal corpo in maniera eccessiva. Per combattere la presenza di accumuli di questa sostanza, bisogno utilizzare una crema per le macchie solari che possa aiutare la pelle a ripristinarsi in alcune aree specifiche. Per diminuire la presenza di macchie cutanee dovute al sole, bisogner\u00e0 puntare su prodotti efficaci naturali come appunto la <strong>bava delle lumache<\/strong>.<\/p>\n<h3>Eliminare Le Macchie Con Una Crema Per Macchie Solari Specifica<\/h3>\n<p>Per eliminare il problema delle macchie solari si pu\u00f2 contare su una serie di <strong>rimedi naturali<\/strong> efficaci. Chi vuole una pelle che sia senza imperfezioni, uniforme e senza discromie, deve trovare un <strong>rimedio<\/strong> che possa attenuare oppure eliminare del tutto le macchie solari. Il consiglio \u00e8 quello di utilizzare delle creme per macchie solari che siano naturali e soprattutto che siano in grado di fornire delle soluzioni cruciali per dire basta alla presenza di inestetismi. Le creme alla <strong>bava di lumaca<\/strong> sono sempre dei prodotti cosmetici che per eccellenza devono essere <strong>depigmentanti<\/strong>. La soluzione pi\u00f9 efficace \u00e8 quella di puntare su creme per macchie solari che abbiano all&#8217;interno dei sieri di <strong>bava di lumaca<\/strong>. La <strong>bava di lumache<\/strong> infatti ha una ricca concentrazione di acido glicolico ed inoltre, in grado di attivare il <strong>collagene<\/strong> anche per la presenza di acido ialuronico. Questa sostanza aiuter\u00e0 molto ad attenuare le macchie solari.<\/p>\n<h3>Una Crema Per Macchie Solari, Quale Scegliere<\/h3>\n<p>Per scegliere una <strong>crema per macchie solari<\/strong> bisogner\u00e0 andare ad analizzare nel dettaglio quelle che al loro interno hanno tutti i prodotti naturali. Bisogner\u00e0 perci\u00f2 prendere le distanze da creme che hanno all&#8217;interno petrolati, siliconi e qualunque tipologia di sostanza aggressiva. \u00c8 importante invece trovare una <strong>crema per macchie solari<\/strong> che abbia una concentrazione di bava molto alta e quindi sia in grado di garantire il trattamento migliore da un punto di vista estetico. Il trattamento a base di <strong>bava di lumaca<\/strong> riesce a funzionare perch\u00e9 lavora in sinergia tra minerali, vitamine e peptidi. Nell&#8217;arco anche di pochi utilizzi, una <strong>crema per macchie solari<\/strong> a base di <strong>bava di lumaca<\/strong> sar\u00e0 in grado di schiarire le macchie solari andando ad attenuare qualunque tipo di discromia riuscendo anche a rigenerare la pelle, rendendola molto pi\u00f9 elastica e sana. Questo trattamento non \u00e8 un caso che viene considerato come uno di quelli particolarmente risolutivi nonch\u00e9 potenziato e intensivo.<\/p>\n<h3>Crema Per Macchie Solari, I Trattamenti<\/h3>\n<p>Esiste il trattamento a base di <strong>bava di lumaca<\/strong> contro le macchie solari sia sotto forma di spray che di crema, ma anche sotto forma di gel. In alcuni casi, viene preferita l&#8217;applicazione diretta su dove c&#8217;\u00e8 la macchia. In generale per\u00f2, l&#8217;utilizzo di una <strong>crema per macchie solari<\/strong> al cui interno ci sia alla <strong>bava di lumaca<\/strong> \u00e8 sempre consigliabile perch\u00e9 sar\u00e0 un ottimo alleato per il benessere e la bellezza della propria pelle dopo l&#8217;esposizione ai raggi solari.<\/p>\n","protected":false},"excerpt":{"rendered":"<p>Coloro che vogliono diminuire la presenza di macchie della pelle possono contare su una sostanza davvero eccezionale come la bava di lumaca. Non \u00e8 un caso che le principali creme per macchie solari hanno al loro interno la bava di lumaca. La bava di lumaca infatti, riesce a garantire una pulizia profonda dell&#8217;epidermide e lo [&hellip;]<\/p>\n","protected":false},"author":4786,"featured_media":0,"comment_status":"open","ping_status":"open","sticky":false,"template":"","format":"standard","meta":{"footnotes":""},"categories":[19189],"tags":[14553,20648,20647],"class_list":["post-32973","post","type-post","status-publish","format-standard","hentry","category-rimedi-naturali","tag-bava-di-lumaca","tag-cosmetici-naturali","tag-crema-macchie-solari"],"_links":{"self":[{"href":"https:\/\/www.area-press.eu\/comunicatistampa\/wp-json\/wp\/v2\/posts\/32973","targetHints":{"allow":["GET"]}}],"collection":[{"href":"https:\/\/www.area-press.eu\/comunicatistampa\/wp-json\/wp\/v2\/posts"}],"about":[{"href":"https:\/\/www.area-press.eu\/comunicatistampa\/wp-json\/wp\/v2\/types\/post"}],"author":[{"embeddable":true,"href":"https:\/\/www.area-press.eu\/comunicatistampa\/wp-json\/wp\/v2\/users\/4786"}],"replies":[{"embeddable":true,"href":"https:\/\/www.area-press.eu\/comunicatistampa\/wp-json\/wp\/v2\/comments?post=32973"}],"version-history":[{"count":1,"href":"https:\/\/www.area-press.eu\/comunicatistampa\/wp-json\/wp\/v2\/posts\/32973\/revisions"}],"predecessor-version":[{"id":32976,"href":"https:\/\/www.area-press.eu\/comunicatistampa\/wp-json\/wp\/v2\/posts\/32973\/revisions\/32976"}],"wp:attachment":[{"href":"https:\/\/www.area-press.eu\/comunicatistampa\/wp-json\/wp\/v2\/media?parent=32973"}],"wp:term":[{"taxonomy":"category","embeddable":true,"href":"https:\/\/www.area-press.eu\/comunicatistampa\/wp-json\/wp\/v2\/categories?post=32973"},{"taxonomy":"post_tag","embeddable":true,"href":"https:\/\/www.area-press.eu\/comunicatistampa\/wp-json\/wp\/v2\/tags?post=32973"}],"curies":[{"name":"wp","href":"https:\/\/api.w.org\/{rel}","templated":true}]}}