{"id":32934,"date":"2018-07-03T17:52:18","date_gmt":"2018-07-03T15:52:18","guid":{"rendered":"http:\/\/www.area-press.eu\/comunicatistampa\/?p=32934"},"modified":"2018-07-03T17:52:18","modified_gmt":"2018-07-03T15:52:18","slug":"proiezione-speciale-una-vita-in-cambio-13-luglio-trevignano-romano","status":"publish","type":"post","link":"https:\/\/www.area-press.eu\/comunicatistampa\/2018\/07\/03\/proiezione-speciale-una-vita-in-cambio-13-luglio-trevignano-romano\/","title":{"rendered":"Proiezione Speciale Una Vita In Cambio, 13 luglio, Trevignano Romano"},"content":{"rendered":"<p style=\"text-align: center\"><b>UNA VITA IN CAMBIO<\/b><\/p>\n<p style=\"text-align: center\">un film di <b>ROBERTO MARIOTTI<\/b><\/p>\n<p style=\"text-align: center\">con Toni Garrani, Stefano Fresi, Elena Arvigo<\/p>\n<p>prodotto da<br \/>\nOwn Air<\/p>\n<p style=\"text-align: center\">Proiezione speciale<\/p>\n<p style=\"text-align: center\">13 luglio h.19.00<\/p>\n<p style=\"text-align: center\">Cinema Palma di Trevignano Romano (RM)<\/p>\n<p style=\"text-align: center\">Alla presenza di autori e cast<\/p>\n<p>&nbsp;<\/p>\n<p>CHI AIUTIAMO QUANDO VOGLIAMO AIUTARE QUALCUNO?<\/p>\n<p>liberamente ispirato a \u201cAbbi pieta\u201d di Bernard Malamud \/ \u201cTake Pity\u201d by Bernard Malamud<\/p>\n<p>&nbsp;<\/p>\n<p><strong>EVENTO SPECIALE \u201cUNA VITA IN CAMBIO\u201d<\/strong><\/p>\n<p><i>Una vita in cambio<\/i>, il noir diretto da Roberto Mariotti e scritto da Ilaria Jovine, magistralmente interpretato da un cast straordinario e inedito, Toni Garrani, Stefano Fresi, Elena Arvigo e Diego Florio, torna sulle sponde del lago di Bracciano dove \u00e8 stato interamente girato, per la proiezione-evento del 13 luglio 2018, dalle h.19.00. Presenti gli autori e il cast.<\/p>\n<p>Un film che esplora i confini impalpabili tra \u201cbene\u201d e \u201cmale\u201d, in un non-luogo immaginifico come il lago di Bracciano, che diventa scenografia maestosa e insieme misteriosa in cui i protagonisti vivono in un intreccio di realt\u00e0, tra luce e ombra, colpa e desiderio, amore e morte. In un noir che destabilizza e affascina.<\/p>\n<p>La proiezione evento, ospitata da uno dei punti cardine per il cinema d\u2019autore, il Cinema Palma diretto da Fabio Palma, \u00e8 patrocinata dal Comune di Trevignano Romano e sostenuta dai comuni del lago di Bracciano, un evento per e con il magnifico territorio in cui il film \u00e8 stato girato.<\/p>\n<p>La proiezione del 13 luglio, sostenuta dall\u2019\u201cAssociazione Culturale No Profit A Trevignano Romano\u201d, apre una settimana di programmazione presso lo stesso Cinema Palma, durante la quale sar\u00e0 possibile vedere <i>Una vita in cambio<\/i> in sala per la prima volta in Italia.<\/p>\n<p>&nbsp;<\/p>\n<p>SINOSSI<\/p>\n<p>Tormentato dal senso di colpa, un vecchio benestante (Toni Garrani) riceve la visita di uno sconosciuto (Stefano Fresi) con cui inizia una sorta di partita a scacchi: inconscio escamotage per fare i conti con l\u2019ossessione in cui \u00e8 precipitato da quando si \u00e8 trovato coinvolto nella vita di una giovane donna (Elena Arvigo). Dopo la morte del compagno, rimasta sola a combattere contro la disoccupazione e la precariet\u00e0, la donna rifiuta ogni aiuto da parte del vecchio: le sue offerte, non accompagnate da un vero contatto umano, si fanno sempre pi\u00f9 ossessive e morbose e la sua generosit\u00e0 nasconde forse solo la presunzione di controllare la sua vita.<\/p>\n<p>&nbsp;<\/p>\n<p>NOTE DI REGIA &#8211; Roberto Mariotti<\/p>\n<p>\u201cLa sceneggiatura del film si ispira ad un racconto di Bernard Malamud intitolato \u201cAbbi piet\u00e0\u201d, con un adattamento che, fedele al tema, stravolge il plot a partire dall\u2019ambientazione spazio-temporale. \u00a0Di fronte ad una storia di senso di colpa che indaga sull\u2019ambiguit\u00e0 del bene e sulla banalit\u00e0 del male contemporaneo, in cui i personaggi protagonisti sono cos\u00ec ostili al cambiamento tanto da dover soccombere inevitabilmente, il film che ho voluto realizzare appartiene a tutti gli effetti al genere noir. Ho interpretato i dialoghi asciutti, i lunghi silenzi dello script, con un\u2019atmosfera misteriosa e scura e quindi con una fotografia realistica fatta di ambienti a volte scarsamente illuminati, luci, ombre e colori a contrasto, nelle scene e nei costumi, che raccontano molto dei conflitti interni ai personaggi. \u00a0Le fonti luminose sono scarse come nella realt\u00e0: basta poco per far dissolvere la luce e rimanere nell\u2019oscurit\u00e0\u201d.<\/p>\n<p>&nbsp;<\/p>\n<p>Trailer<\/p>\n<p>https:\/\/www.youtube.com\/watch?v=HilVWj0bGdA&#038;t=12s<\/p>\n<p>&nbsp;<\/p>\n<p>Pagina FB<\/p>\n<p><a href=\"https:\/\/www.facebook.com\/unavitaincambioilfilm\/\">https:\/\/www.facebook.com\/unavitaincambioilfilm\/<\/a><\/p>\n<p>&nbsp;<\/p>\n<p>Press Office<\/p>\n<p>Sarah Panatta<\/p>\n<p>3202471781<\/p>\n","protected":false},"excerpt":{"rendered":"<p>UNA VITA IN CAMBIO un film di ROBERTO MARIOTTI con Toni Garrani, Stefano Fresi, Elena Arvigo prodotto da Own Air Proiezione speciale 13 luglio h.19.00 Cinema Palma di Trevignano Romano (RM) Alla presenza di autori e cast &nbsp; CHI AIUTIAMO QUANDO VOGLIAMO AIUTARE QUALCUNO? liberamente ispirato a \u201cAbbi pieta\u201d di Bernard Malamud \/ \u201cTake Pity\u201d [&hellip;]<\/p>\n","protected":false},"author":5296,"featured_media":0,"comment_status":"open","ping_status":"open","sticky":false,"template":"","format":"standard","meta":{"footnotes":""},"categories":[3],"tags":[],"class_list":["post-32934","post","type-post","status-publish","format-standard","hentry","category-arte-e-cultura"],"_links":{"self":[{"href":"https:\/\/www.area-press.eu\/comunicatistampa\/wp-json\/wp\/v2\/posts\/32934","targetHints":{"allow":["GET"]}}],"collection":[{"href":"https:\/\/www.area-press.eu\/comunicatistampa\/wp-json\/wp\/v2\/posts"}],"about":[{"href":"https:\/\/www.area-press.eu\/comunicatistampa\/wp-json\/wp\/v2\/types\/post"}],"author":[{"embeddable":true,"href":"https:\/\/www.area-press.eu\/comunicatistampa\/wp-json\/wp\/v2\/users\/5296"}],"replies":[{"embeddable":true,"href":"https:\/\/www.area-press.eu\/comunicatistampa\/wp-json\/wp\/v2\/comments?post=32934"}],"version-history":[{"count":2,"href":"https:\/\/www.area-press.eu\/comunicatistampa\/wp-json\/wp\/v2\/posts\/32934\/revisions"}],"predecessor-version":[{"id":32937,"href":"https:\/\/www.area-press.eu\/comunicatistampa\/wp-json\/wp\/v2\/posts\/32934\/revisions\/32937"}],"wp:attachment":[{"href":"https:\/\/www.area-press.eu\/comunicatistampa\/wp-json\/wp\/v2\/media?parent=32934"}],"wp:term":[{"taxonomy":"category","embeddable":true,"href":"https:\/\/www.area-press.eu\/comunicatistampa\/wp-json\/wp\/v2\/categories?post=32934"},{"taxonomy":"post_tag","embeddable":true,"href":"https:\/\/www.area-press.eu\/comunicatistampa\/wp-json\/wp\/v2\/tags?post=32934"}],"curies":[{"name":"wp","href":"https:\/\/api.w.org\/{rel}","templated":true}]}}