{"id":32885,"date":"2018-07-02T18:15:42","date_gmt":"2018-07-02T16:15:42","guid":{"rendered":"http:\/\/www.area-press.eu\/comunicatistampa\/?p=32885"},"modified":"2018-07-02T18:15:42","modified_gmt":"2018-07-02T16:15:42","slug":"f2i-investiti-150-milioni-in-termini-di-equity-nel-progetto-irideos","status":"publish","type":"post","link":"https:\/\/www.area-press.eu\/comunicatistampa\/2018\/07\/02\/f2i-investiti-150-milioni-in-termini-di-equity-nel-progetto-irideos\/","title":{"rendered":"F2i: investiti 150 milioni in termini di equity nel progetto Irideos"},"content":{"rendered":"<p><em><strong>Nuovi investimenti per <a title=\"F2i e il progetto Irideos\" href=\"http:\/\/www.ilsole24ore.com\/art\/finanza-e-mercati\/2018-05-10\/-f2i-rientra-tlc-via-polo-servizi--215302.shtml?uuid=AEkz1KmE\">F2i<\/a> : Renato Ravanelli rientra nel mercato delle tlc con un polo di servizi specializzati per le imprese e una dorsale in fibra ottica di propriet\u00e0. Irideos \u00e8 il nome del nuovo progetto. <\/strong><\/em><\/p>\n<p><a title=\"F2i, investimenti tlc\" href=\"http:\/\/www.ilsole24ore.com\/art\/finanza-e-mercati\/2018-05-10\/-f2i-rientra-tlc-via-polo-servizi--215302.shtml?uuid=AEkz1KmE\"><img loading=\"lazy\" decoding=\"async\" src=\"http:\/\/www.f2isgr.it\/export\/system\/modules\/it.f2isgr\/resources\/img\/logo_f2isgr.gif\" alt=\"f2i\" width=\"273\" height=\"83\" \/><\/a><\/p>\n<h2>F2i: il progetto Irideos<\/h2>\n<p>Sono 150 milioni, in termini di equity, i fondi investiti finora sul progetto Irideos: <strong>F2i<\/strong>, guidata da <strong>Renato Ravanelli<\/strong>, ritorna a occuparsi di telecomunicazioni con un polo di servizi specializzati per le imprese, dotato di una dorsale in fibra ottica di propriet\u00e0 che viaggia lungo le autostrade italiane. Entro fine luglio ci sar\u00e0 l&#8217;avvio ufficiale del progetto, tramite la fusione delle tre realt\u00e0 aziendali acquisite tra luglio 2017 e gennaio 2018: Infracom, McLink e Kpnqwest sono tre aziende con attivit\u00e0 complementari, che si prestano a essere aggregate, con sinergie stimate nell&#8217;ordine di 10 milioni. Infracom si occupa di offrire soluzioni personalizzate a grandi clienti, disponendo di una forza vendita diretta, mentre McLink e Kpnqwest forniscono servizi alle PMI, con McLink che si appoggia a forze vendite indirette e ha prodotti pi\u00f9 &#8220;standardizzati&#8221;. Le tre aziende contano in tutto 20 mila clienti e hanno un fatturato complessivo dell&#8217;ordine di 160 milioni, con un Ebitda di 30 milioni. Il progetto in cui si impegna <strong>F2i<\/strong> deriva dalla collaborazione tra il fondo infrastrutturale italiano (80% di Irideos) e Marguerite, che \u00e8 invece un fondo europeo creato dalla Cdp italiana con le omologhe francese, tedesca, spagnola, la Bei e altre due istituzioni finanziarie polacche.<\/p>\n<h2>F2i: gli investimenti in ambito tlc<\/h2>\n<p>A guidare il polo dei servizi previsti dal progetto Irideos c&#8217;\u00e8 Mauro Maia, ex senior partner di <strong><a title=\"F2i: nasce Irideos\" href=\"http:\/\/www.ilsole24ore.com\/art\/finanza-e-mercati\/2018-05-10\/-f2i-rientra-tlc-via-polo-servizi--215302.shtml?uuid=AEkz1KmE\">F2i<\/a><\/strong> , guidata da <strong>Renato Ravanelli<\/strong>: Mauro Maia era responsabile degli investimenti nel campo delle tlc e degli aeroporti per F2i. Presidente di Irideos \u00e8 invece Alberto Trondoli: per il Presidente, la scelta delle prime tre aziende rappresenta &#8220;un set completo per offrire connettivit\u00e0 in banda larga e ultralarga, data center e cybersecurity: l&#8217;obiettivo \u00e8 trasportare, custodire e proteggere i dati del cliente&#8221;. I 15 chilometri di infrastruttura in fibra derivano per lo pi\u00f9 da Infracom e in parte da McLink, in pi\u00f9 esistono oltre duemila punti di accesso al backbone di propriet\u00e0 e 10 data center sparsi sul territorio nazionale, tra cui l&#8217;hub di Caldera che \u00e8 il maggior Internet Exchange Point con operatori italiani e internazionali. Il piano industriale \u00e8 ancora in definizione, dato che il perimetro del gruppo si sta evolvendo. Si sta valutando l&#8217;acquisizione di PMI che operano nell&#8217;ambito cybersecurity, sul quale Irideos vuole investire particolarmente. Anche una realt\u00e0 come Retelit potrebbe suscitare interesse, essendo dotata di asset in fibra complementari e avendo una presenza internazionale tramite il collegamento Bari &#8211; Estremo Oriente.<\/p>\n","protected":false},"excerpt":{"rendered":"<p>Nuovi investimenti per F2i : Renato Ravanelli rientra nel mercato delle tlc con un polo di servizi specializzati per le imprese e una dorsale in fibra ottica di propriet\u00e0. Irideos \u00e8 il nome del nuovo progetto. F2i: il progetto Irideos Sono 150 milioni, in termini di equity, i fondi investiti finora sul progetto Irideos: F2i, [&hellip;]<\/p>\n","protected":false},"author":227,"featured_media":0,"comment_status":"open","ping_status":"open","sticky":false,"template":"","format":"standard","meta":{"footnotes":""},"categories":[5],"tags":[1047,20562,1046],"class_list":["post-32885","post","type-post","status-publish","format-standard","hentry","category-aziendali","tag-f2i","tag-irideos","tag-renato-ravanelli"],"_links":{"self":[{"href":"https:\/\/www.area-press.eu\/comunicatistampa\/wp-json\/wp\/v2\/posts\/32885","targetHints":{"allow":["GET"]}}],"collection":[{"href":"https:\/\/www.area-press.eu\/comunicatistampa\/wp-json\/wp\/v2\/posts"}],"about":[{"href":"https:\/\/www.area-press.eu\/comunicatistampa\/wp-json\/wp\/v2\/types\/post"}],"author":[{"embeddable":true,"href":"https:\/\/www.area-press.eu\/comunicatistampa\/wp-json\/wp\/v2\/users\/227"}],"replies":[{"embeddable":true,"href":"https:\/\/www.area-press.eu\/comunicatistampa\/wp-json\/wp\/v2\/comments?post=32885"}],"version-history":[{"count":1,"href":"https:\/\/www.area-press.eu\/comunicatistampa\/wp-json\/wp\/v2\/posts\/32885\/revisions"}],"predecessor-version":[{"id":32887,"href":"https:\/\/www.area-press.eu\/comunicatistampa\/wp-json\/wp\/v2\/posts\/32885\/revisions\/32887"}],"wp:attachment":[{"href":"https:\/\/www.area-press.eu\/comunicatistampa\/wp-json\/wp\/v2\/media?parent=32885"}],"wp:term":[{"taxonomy":"category","embeddable":true,"href":"https:\/\/www.area-press.eu\/comunicatistampa\/wp-json\/wp\/v2\/categories?post=32885"},{"taxonomy":"post_tag","embeddable":true,"href":"https:\/\/www.area-press.eu\/comunicatistampa\/wp-json\/wp\/v2\/tags?post=32885"}],"curies":[{"name":"wp","href":"https:\/\/api.w.org\/{rel}","templated":true}]}}