{"id":32871,"date":"2018-07-02T18:15:41","date_gmt":"2018-07-02T16:15:41","guid":{"rendered":"http:\/\/www.area-press.eu\/comunicatistampa\/?p=32871"},"modified":"2018-07-02T18:15:41","modified_gmt":"2018-07-02T16:15:41","slug":"lampada-arco-la-scelta-migliore-per-il-tuo-salotto","status":"publish","type":"post","link":"https:\/\/www.area-press.eu\/comunicatistampa\/2018\/07\/02\/lampada-arco-la-scelta-migliore-per-il-tuo-salotto\/","title":{"rendered":"Lampada Arco: la scelta migliore per il tuo salotto"},"content":{"rendered":"<table width=\"100%\">\n<tbody>\n<tr>\n<td width=\"100%\">&nbsp;<\/p>\n<p>&nbsp;<\/p>\n<p>Tutti, appasionati di arredamento e non, sappiamo quanto sia <strong>importante illuminare nel modo corretto<\/strong> <strong>gli ambienti domestici<\/strong>. <strong>Ancor pi\u00f9 importante e scegliere il mezzo<\/strong> attraverso il quale intendiamo portare la luce all\u2019interno di soggiorno, sala, cucina o camere da letto. La scelta pu\u00f2 essere, per\u00f2, difficile e spesso portarci a decisioni affrettate e scorrette. Le pi\u00f9 classiche tra le lampade per illuminare le aree comuni e dedicate al relax in casa sono sicuramente e da sempre le <strong>lampade da terra<\/strong>, e quale migliore lampada si potrebbe scegliere per portare luce al vostro soggiorno in una fredda serata d\u2019autunno se non la lampada da terra dal design immortale, la <a href=\"https:\/\/www.agofstore.com\/vendita\/it\/Lampade-da-terra\/102837-1782-arco-flos.html\">lampada Arco<\/a> di Flos? Questa lampada dal <strong>design firmata<\/strong> dai fratelli <strong>Castiglioni<\/strong> nel 1962 rimane tutt\u2019oggi uno dei <strong>pezzi d\u2019arredamento dedicati all\u2019illuminazione pi\u00f9 importanti di sempre,<\/strong> famosa sia per il suo impeccabile stile, linne semplici e studiate, armonia dei materiali, grande presenza scenica ed eleganza nonostante la sua forma cos\u00ec elementare, sia per la sua <strong>importanza ed influenza nella storia del design degli interni italiano<\/strong> degli anni che seguirono la sua creazione.<\/p>\n<p><strong>\u00a0<\/strong><\/p>\n<h2>Lampada da terra: Arco di Flos, protagonista del soggiorno<\/h2>\n<p>&nbsp;<\/p>\n<p>Grazie alla sua estrema <strong>semplicit\u00e0 nelle forme e nello stile<\/strong> ed alla sua <strong>sobria ed elegante presenza<\/strong>, la lampada arco da terra di flos si adatta agilmente a tantissimi stili di arredamento. La base in marmo bianco di carrara le permette di dare un <strong>aura di classe e lusso a tutto il soggiorno<\/strong>, mentre le sue grandi dimensioni e la sua snella presenza le consentono di governare lo spazio della sala senza per\u00f2 risultare ingombrante o invasiva. Lo stelo ed il riflettore sono in materiali lucidi e satinati, rispettivamente acciaio ed alluminio stampato, che contribuiscono grazie all\u2019effetto di riflessione a farla apparire ancor pi\u00f9 leggera all\u2019interno dell\u2019ambiente. La <strong>diffusione della luce \u00e8 studiata in modo da essere diretta<\/strong>, il che le permette di essere la scelta migliore per la vostra sala da pranzo o il vostro soggiorno, perfettamente abbinabile tanto a toni scuri che chiari, a soffitti alti o bassi, arredamenti rustici o stili moderni e minimali, la lampada arco \u00e8 una <strong>scelta versatile ed efficiente<\/strong>.<\/p>\n<p>&nbsp;<\/p>\n<h2>L\u2019illuminazione da forma agli spazi domestici<\/h2>\n<p>&nbsp;<\/p>\n<p>Ogni stanza ha bisogno della <strong>giusta luce per avere un valore aggiunto<\/strong>. Una scelta sbagliata nell\u2019illuminazione potrebbe togliere luce agli spazi o mancare di dare importanza a dettagli sui quali abbiamo investito nel momento della decorazione. Il mezzo che porter\u00e0 luce agli ambienti \u00e8 altrettanto importante considerando che nei momenti di non utilizzo della luce il suo aspetto deve continuare ad essere <strong>in armonia con il resto dell\u2019arredo<\/strong>, se cons\u00ec non fosse potrebbe stonare e togliere valore a tutto il resto dello spazio. La classe ed il design firmato unici della lampada Arco di Flos la rendo la scelta migliore per chi, in particolare, ha bisogno di un <strong>elemento decorativo sobrio e di classe<\/strong>, per abbellire un salotto ampio o una tavola da pranzo che abbia bisogno di un <strong>atmosfera intima e racchiusa<\/strong> al di sotto di un tenue e preciso cono di luce diretta.<\/p>\n<p>&nbsp;<\/td>\n<\/tr>\n<\/tbody>\n<\/table>\n","protected":false},"excerpt":{"rendered":"<p>&nbsp; &nbsp; Tutti, appasionati di arredamento e non, sappiamo quanto sia importante illuminare nel modo corretto gli ambienti domestici. Ancor pi\u00f9 importante e scegliere il mezzo attraverso il quale intendiamo portare la luce all\u2019interno di soggiorno, sala, cucina o camere da letto. La scelta pu\u00f2 essere, per\u00f2, difficile e spesso portarci a decisioni affrettate e [&hellip;]<\/p>\n","protected":false},"author":5001,"featured_media":0,"comment_status":"open","ping_status":"open","sticky":false,"template":"","format":"standard","meta":{"footnotes":""},"categories":[3],"tags":[20556,20558,20557],"class_list":["post-32871","post","type-post","status-publish","format-standard","hentry","category-arte-e-cultura","tag-lampada-arco","tag-lampade-da-terra","tag-lampade-flos"],"_links":{"self":[{"href":"https:\/\/www.area-press.eu\/comunicatistampa\/wp-json\/wp\/v2\/posts\/32871","targetHints":{"allow":["GET"]}}],"collection":[{"href":"https:\/\/www.area-press.eu\/comunicatistampa\/wp-json\/wp\/v2\/posts"}],"about":[{"href":"https:\/\/www.area-press.eu\/comunicatistampa\/wp-json\/wp\/v2\/types\/post"}],"author":[{"embeddable":true,"href":"https:\/\/www.area-press.eu\/comunicatistampa\/wp-json\/wp\/v2\/users\/5001"}],"replies":[{"embeddable":true,"href":"https:\/\/www.area-press.eu\/comunicatistampa\/wp-json\/wp\/v2\/comments?post=32871"}],"version-history":[{"count":1,"href":"https:\/\/www.area-press.eu\/comunicatistampa\/wp-json\/wp\/v2\/posts\/32871\/revisions"}],"predecessor-version":[{"id":32872,"href":"https:\/\/www.area-press.eu\/comunicatistampa\/wp-json\/wp\/v2\/posts\/32871\/revisions\/32872"}],"wp:attachment":[{"href":"https:\/\/www.area-press.eu\/comunicatistampa\/wp-json\/wp\/v2\/media?parent=32871"}],"wp:term":[{"taxonomy":"category","embeddable":true,"href":"https:\/\/www.area-press.eu\/comunicatistampa\/wp-json\/wp\/v2\/categories?post=32871"},{"taxonomy":"post_tag","embeddable":true,"href":"https:\/\/www.area-press.eu\/comunicatistampa\/wp-json\/wp\/v2\/tags?post=32871"}],"curies":[{"name":"wp","href":"https:\/\/api.w.org\/{rel}","templated":true}]}}