{"id":32863,"date":"2018-07-02T18:15:41","date_gmt":"2018-07-02T16:15:41","guid":{"rendered":"http:\/\/www.area-press.eu\/comunicatistampa\/?p=32863"},"modified":"2018-07-02T18:15:41","modified_gmt":"2018-07-02T16:15:41","slug":"francesco-starace-i-numeri-della-prima-trimestrale-2018-di-enel","status":"publish","type":"post","link":"https:\/\/www.area-press.eu\/comunicatistampa\/2018\/07\/02\/francesco-starace-i-numeri-della-prima-trimestrale-2018-di-enel\/","title":{"rendered":"Francesco Starace: i numeri della prima trimestrale 2018 di Enel"},"content":{"rendered":"<p><em><strong>L&#8217;AD di Enel <a title=\"Francesco Starace, crescita Enel\" href=\"https:\/\/economia.ilmessaggero.it\/flashnews\/enel_conferma_target_2018_starace_risultati_eccellenti_grazie_a_rinnovabili_e_reti-3720611.html\">Francesco Starace<\/a> sulla performance di Enel nei primi tre mesi dell&#8217;anno: &#8220;Il Gruppo Enel ha ottenuto risultati eccellenti, con un incremento a due cifre nel risultato netto, per effetto soprattutto di rinnovabili e reti, aree chiave per la crescita industriale&#8221;<\/strong><\/em><\/p>\n<p><a title=\"Francesco Starace, risultati enel primo trimestre 2018\" href=\"https:\/\/economia.ilmessaggero.it\/flashnews\/enel_conferma_target_2018_starace_risultati_eccellenti_grazie_a_rinnovabili_e_reti-3720611.html\"><img loading=\"lazy\" decoding=\"async\" src=\"https:\/\/economia.ilmessaggero.it\/photos\/PANORAMA\/06\/11\/3720611_225_2018-05-09_TLB.jpg\" alt=\"Francesco Starace\" width=\"303\" height=\"107\" \/><\/a><\/p>\n<h2>Francesco Starace: Enel in crescita nel primo trimestre 2018<\/h2>\n<p>Enel chiude il primo trimestre 2018 con numeri che l&#8217;AD <strong>Francesco Starace<\/strong> ha definito &#8220;eccellenti&#8221;: un risultato netto a 1.169 milioni di euro (+18,9% rispetto allo stesso periodo nel 2017), utile netto ordinario a 1.041 milioni di euro (+10,4%) ed Ebitda a 4,037 miliardi, in crescita del +3,1% anche per effetto della crescita nelle rinnovabili e nella distribuzione. Pressoch\u00e9 stabile l&#8217;Ebit (2.538 milioni di euro, +0,5%) mentre l&#8217;indebitamento finanziario netto cresce di 1,2% rispetto alla fine dello scorso anno, a causa del pagamento dell&#8217;acconto sul dividendo relativo all&#8217;esercizio 2017 e degli investimenti del periodo che, come spiega il gruppo guidato da <strong>Francesco Starace<\/strong> in una nota, hanno ampiamente compensato i flussi di cassa della gestione operativa. Si rileva infine una lieve flessione nei ricavi: in calo del 2,2% sul primo trimestre 2017, al 31 marzo 2018 si attestano intorno ai 18.946 milioni di euro.<\/p>\n<h2>Enel: Francesco Starace sui risultati della trimestrale<\/h2>\n<p>Non nasconde entusiasmo <strong><a title=\"Enel, le considerazioni di Francesco Starace\" href=\"https:\/\/economia.ilmessaggero.it\/flashnews\/enel_conferma_target_2018_starace_risultati_eccellenti_grazie_a_rinnovabili_e_reti-3720611.html\">Francesco Starace<\/a><\/strong> nel commentare la performance di Enel nel primo trimestre del 2018: in particolare l&#8217;AD fa notare &#8220;l&#8217;incremento a due cifre nel risultato netto&#8221;, ottenuto &#8220;per effetto soprattutto di rinnovabili e reti, due aree chiave per la crescita industriale, in linea con il Piano Strategico&#8221;. Non solo: &#8220;Nel trimestre ci siamo impegnati per migliorare ulteriormente l&#8217;efficienza operativa, riuscendo a mantenere invariati i costi per la generazione di cassa in termini nominali e a ridurre del 2,6% le spese operative&#8221;. <strong>Francesco Starace<\/strong> parla anche di un altro importante traguardo raggiunto durante i primi tre mesi dell&#8217;anno: nell&#8217;ambito dell&#8217;operazione di semplificazione di gruppo \u00e8 stata completata con successo la riorganizzazione delle attivit\u00e0 in Cile. &#8220;Ora possiamo contare su di una struttura societaria pi\u00f9 lineare lungo l&#8217;intera catena del valore: dalla generazione rinnovabile e convenzionale alla distribuzione, fino al retail&#8221; ha spiegato l&#8217;AD, aggiungendo che &#8220;i risultati raggiunti permettono di confermare i target finanziari per il 2018&#8221;.<\/p>\n","protected":false},"excerpt":{"rendered":"<p>L&#8217;AD di Enel Francesco Starace sulla performance di Enel nei primi tre mesi dell&#8217;anno: &#8220;Il Gruppo Enel ha ottenuto risultati eccellenti, con un incremento a due cifre nel risultato netto, per effetto soprattutto di rinnovabili e reti, aree chiave per la crescita industriale&#8221; Francesco Starace: Enel in crescita nel primo trimestre 2018 Enel chiude il [&hellip;]<\/p>\n","protected":false},"author":3920,"featured_media":0,"comment_status":"open","ping_status":"open","sticky":false,"template":"","format":"standard","meta":{"footnotes":""},"categories":[5],"tags":[10926],"class_list":["post-32863","post","type-post","status-publish","format-standard","hentry","category-aziendali","tag-francesco-starace"],"_links":{"self":[{"href":"https:\/\/www.area-press.eu\/comunicatistampa\/wp-json\/wp\/v2\/posts\/32863","targetHints":{"allow":["GET"]}}],"collection":[{"href":"https:\/\/www.area-press.eu\/comunicatistampa\/wp-json\/wp\/v2\/posts"}],"about":[{"href":"https:\/\/www.area-press.eu\/comunicatistampa\/wp-json\/wp\/v2\/types\/post"}],"author":[{"embeddable":true,"href":"https:\/\/www.area-press.eu\/comunicatistampa\/wp-json\/wp\/v2\/users\/3920"}],"replies":[{"embeddable":true,"href":"https:\/\/www.area-press.eu\/comunicatistampa\/wp-json\/wp\/v2\/comments?post=32863"}],"version-history":[{"count":1,"href":"https:\/\/www.area-press.eu\/comunicatistampa\/wp-json\/wp\/v2\/posts\/32863\/revisions"}],"predecessor-version":[{"id":32865,"href":"https:\/\/www.area-press.eu\/comunicatistampa\/wp-json\/wp\/v2\/posts\/32863\/revisions\/32865"}],"wp:attachment":[{"href":"https:\/\/www.area-press.eu\/comunicatistampa\/wp-json\/wp\/v2\/media?parent=32863"}],"wp:term":[{"taxonomy":"category","embeddable":true,"href":"https:\/\/www.area-press.eu\/comunicatistampa\/wp-json\/wp\/v2\/categories?post=32863"},{"taxonomy":"post_tag","embeddable":true,"href":"https:\/\/www.area-press.eu\/comunicatistampa\/wp-json\/wp\/v2\/tags?post=32863"}],"curies":[{"name":"wp","href":"https:\/\/api.w.org\/{rel}","templated":true}]}}