{"id":32759,"date":"2018-06-18T21:04:22","date_gmt":"2018-06-18T19:04:22","guid":{"rendered":"http:\/\/www.area-press.eu\/comunicatistampa\/?p=32759"},"modified":"2018-06-18T21:04:22","modified_gmt":"2018-06-18T19:04:22","slug":"euler-hermes-lancia-la-nuova-struttura-dedicata-alle-aziende-di-marche-e-umbria","status":"publish","type":"post","link":"https:\/\/www.area-press.eu\/comunicatistampa\/2018\/06\/18\/euler-hermes-lancia-la-nuova-struttura-dedicata-alle-aziende-di-marche-e-umbria\/","title":{"rendered":"Euler Hermes lancia la nuova struttura dedicata alle aziende di Marche e Umbria"},"content":{"rendered":"<p>L\u2019Agenzia Generale Italia Centro e l\u2019Agenzia delle Marche di Euler Hermes, guidate rispettivamente da Enrico Cingolo e Andrea Novelli, hanno creato una nuova sinergia commerciale per essere il partner privilegiato delle aziende marchigiane e umbre nei servizi assicurativi di gestione del rischio credito. La nuova struttura potr\u00e0 offrire nelle Marche e in Umbria una vasta gamma di soluzioni adatte per ogni esigenza, dall\u2019assicurazione del credito di breve e medio termine, al recupero e alle cauzioni, comprese le nuove soluzioni digitali per le micro e piccole medie imprese.<br \/>\nL&#8217;economia delle due regioni ha risentito in misura accentuata della crisi e dei postumi del terremoto. Tra il 2007 e il 2017 il PIL umbro per abitante in termini reali \u00e8 sceso quasi il doppio della media nazionale, mentre quello marchigiano ha dimostrato maggiori capacit\u00e0 di tenuta. Nel 2017 l&#8217;Umbria ha dato un segnale positivo, con le esportazioni in aumento del 6,4% grazie a metalli, mobili e abbigliamento. Le Marche sono invece arretrate del 2%. Il buon risultato della meccanica e della chimica non \u00e8 bastato a controbilanciare il calo di farmaceutica ed elettrodomestici. Il tasso di disoccupazione \u00e8 cos\u00ec diminuito in Umbria ed \u00e8 rimasto stabile nelle Marche, ma i consumi permangono deboli in entrambe le regioni.<br \/>\n\u201cUna ripresa pi\u00f9 definita potr\u00e0 aversi solo se si rimetter\u00e0 in moto tutto il tessuto di PMI, un tempo punto di forza di quest\u2019area. \u2013 ha dichiarato Andrea Novelli, Agente Generale Marche \u2013 La nuova struttura sar\u00e0 al servizio delle piccole e micro imprese del territorio\u201d. Enrico Cingolo, Agente Generale Italia Centro, ha aggiunto: \u201cC\u2019\u00e8 la necessit\u00e0 di fare cultura sui servizi di risk management nel mercato e crediamo che la strada del rafforzamento intrapresa sia quella giusta. Dopo un anno di lavoro realizziamo un nuovo modello operativo: l\u2019obiettivo \u00e8 supportare con le soluzioni adatte le imprese presenti sul territorio, di ogni settore merceologico\u201d.<br \/>\nCon questa operazione, Euler Hermes Italia, societ\u00e0 del gruppo Allianz leader nell\u2019assicurazione al credito con una quota di mercato del 49%, proseguir\u00e0 la sua crescita, sia dal punto di vista delle nuove opportunit\u00e0 di business che della retention dei clienti, gi\u00e0 oggi sopra il 90% a livello nazionale.<\/p>\n","protected":false},"excerpt":{"rendered":"<p>L\u2019Agenzia Generale Italia Centro e l\u2019Agenzia delle Marche di Euler Hermes, guidate rispettivamente da Enrico Cingolo e Andrea Novelli, hanno creato una nuova sinergia commerciale per essere il partner privilegiato delle aziende marchigiane e umbre nei servizi assicurativi di gestione del rischio credito. La nuova struttura potr\u00e0 offrire nelle Marche e in Umbria una vasta [&hellip;]<\/p>\n","protected":false},"author":5202,"featured_media":0,"comment_status":"open","ping_status":"open","sticky":false,"template":"","format":"standard","meta":{"footnotes":""},"categories":[29],"tags":[],"class_list":["post-32759","post","type-post","status-publish","format-standard","hentry","category-comunicati"],"_links":{"self":[{"href":"https:\/\/www.area-press.eu\/comunicatistampa\/wp-json\/wp\/v2\/posts\/32759","targetHints":{"allow":["GET"]}}],"collection":[{"href":"https:\/\/www.area-press.eu\/comunicatistampa\/wp-json\/wp\/v2\/posts"}],"about":[{"href":"https:\/\/www.area-press.eu\/comunicatistampa\/wp-json\/wp\/v2\/types\/post"}],"author":[{"embeddable":true,"href":"https:\/\/www.area-press.eu\/comunicatistampa\/wp-json\/wp\/v2\/users\/5202"}],"replies":[{"embeddable":true,"href":"https:\/\/www.area-press.eu\/comunicatistampa\/wp-json\/wp\/v2\/comments?post=32759"}],"version-history":[{"count":1,"href":"https:\/\/www.area-press.eu\/comunicatistampa\/wp-json\/wp\/v2\/posts\/32759\/revisions"}],"predecessor-version":[{"id":32760,"href":"https:\/\/www.area-press.eu\/comunicatistampa\/wp-json\/wp\/v2\/posts\/32759\/revisions\/32760"}],"wp:attachment":[{"href":"https:\/\/www.area-press.eu\/comunicatistampa\/wp-json\/wp\/v2\/media?parent=32759"}],"wp:term":[{"taxonomy":"category","embeddable":true,"href":"https:\/\/www.area-press.eu\/comunicatistampa\/wp-json\/wp\/v2\/categories?post=32759"},{"taxonomy":"post_tag","embeddable":true,"href":"https:\/\/www.area-press.eu\/comunicatistampa\/wp-json\/wp\/v2\/tags?post=32759"}],"curies":[{"name":"wp","href":"https:\/\/api.w.org\/{rel}","templated":true}]}}