{"id":32750,"date":"2018-06-18T21:03:43","date_gmt":"2018-06-18T19:03:43","guid":{"rendered":"http:\/\/www.area-press.eu\/comunicatistampa\/?p=32750"},"modified":"2018-06-18T21:03:43","modified_gmt":"2018-06-18T19:03:43","slug":"a-verbania-ecco-i-montascale-per-una-comoda-mobilita-domestica","status":"publish","type":"post","link":"https:\/\/www.area-press.eu\/comunicatistampa\/2018\/06\/18\/a-verbania-ecco-i-montascale-per-una-comoda-mobilita-domestica\/","title":{"rendered":"A Verbania, ecco i montascale per una comoda mobilit\u00e0 domestica"},"content":{"rendered":"<p>Non di rado alla <strong>terza et\u00e0<\/strong> sono associati concetti come la saggezza e l\u2019esperienza, e in effetti ci\u00f2 \u00e8 vero, perch\u00e9 chi ha vissuto a lungo ha molto da insegnare ai giovani. Purtroppo, per\u00f2, la vecchiaia porta con s\u00e9 anche un fardello che pu\u00f2 essere piuttosto pesante in termini di <strong>salute, capacit\u00e0 di movimento e autonomia<\/strong> nella vita di tutti i giorni.<\/p>\n<p><img decoding=\"async\" class=\"alignleft\" src=\"http:\/\/i66.tinypic.com\/90xao9.jpg\" alt=\"Logo Amca Elevatori\" \/>A causa di traumi o incidenti, legati ad esempio a una caduta accidentale, oppure per via di malattie di tipo neurodegenerativo o dell\u2019inevitabile perdita di equilibrio o di tono muscolare caratteristica della terza et\u00e0, un anziano pu\u00f2 <strong>fare molta fatica o addirittura arrivare a essere impossibilitato a fare le scale<\/strong>.<\/p>\n<p>Di conseguenza, questa persona pu\u00f2 <strong>ridurre notevolmente le uscite fuori casa<\/strong>, con conseguenti perdite in termini di socializzazione, oppure ritrovarsi<strong> \u201cbloccata\u201d su un piano della propria dimora<\/strong> senza avere la possibilit\u00e0 di accedere agli altri livelli.<\/p>\n<p>Tutto ci\u00f2 pu\u00f2 essere facilmente evitato per mezzo dell\u2019<a href=\"https:\/\/www.amcaelevatori.com\/servoscale\/\" target=\"_blank\" rel=\"noopener\"><strong>installazione di un montascale o servoscale a Verbania<\/strong><\/a> a cura di <strong>Amca Elevatori srl<\/strong>: l\u2019azienda, che vanta la certificazione <strong>ISO 9001<\/strong>, propone alla sua clientela solo impianti di <strong>qualit\u00e0 certificata e garantita per la mobilit\u00e0 domestica<\/strong> di anziani e non solo.<\/p>\n<p>Scopri le innumerevoli possibilit\u00e0 di installazione offerte dalla nostra azienda visitando il sito internet <strong>amcaelevatori.com<\/strong> o telefonando allo <strong>0332.333.122<\/strong>!<\/p>\n","protected":false},"excerpt":{"rendered":"<p>Non di rado alla terza et\u00e0 sono associati concetti come la saggezza e l\u2019esperienza, e in effetti ci\u00f2 \u00e8 vero, perch\u00e9 chi ha vissuto a lungo ha molto da insegnare ai giovani. Purtroppo, per\u00f2, la vecchiaia porta con s\u00e9 anche un fardello che pu\u00f2 essere piuttosto pesante in termini di salute, capacit\u00e0 di movimento e [&hellip;]<\/p>\n","protected":false},"author":18,"featured_media":0,"comment_status":"open","ping_status":"open","sticky":false,"template":"","format":"standard","meta":{"footnotes":""},"categories":[5],"tags":[14816,20486],"class_list":["post-32750","post","type-post","status-publish","format-standard","hentry","category-aziendali","tag-montascale-verbania","tag-servoscale-verbania"],"_links":{"self":[{"href":"https:\/\/www.area-press.eu\/comunicatistampa\/wp-json\/wp\/v2\/posts\/32750","targetHints":{"allow":["GET"]}}],"collection":[{"href":"https:\/\/www.area-press.eu\/comunicatistampa\/wp-json\/wp\/v2\/posts"}],"about":[{"href":"https:\/\/www.area-press.eu\/comunicatistampa\/wp-json\/wp\/v2\/types\/post"}],"author":[{"embeddable":true,"href":"https:\/\/www.area-press.eu\/comunicatistampa\/wp-json\/wp\/v2\/users\/18"}],"replies":[{"embeddable":true,"href":"https:\/\/www.area-press.eu\/comunicatistampa\/wp-json\/wp\/v2\/comments?post=32750"}],"version-history":[{"count":2,"href":"https:\/\/www.area-press.eu\/comunicatistampa\/wp-json\/wp\/v2\/posts\/32750\/revisions"}],"predecessor-version":[{"id":32752,"href":"https:\/\/www.area-press.eu\/comunicatistampa\/wp-json\/wp\/v2\/posts\/32750\/revisions\/32752"}],"wp:attachment":[{"href":"https:\/\/www.area-press.eu\/comunicatistampa\/wp-json\/wp\/v2\/media?parent=32750"}],"wp:term":[{"taxonomy":"category","embeddable":true,"href":"https:\/\/www.area-press.eu\/comunicatistampa\/wp-json\/wp\/v2\/categories?post=32750"},{"taxonomy":"post_tag","embeddable":true,"href":"https:\/\/www.area-press.eu\/comunicatistampa\/wp-json\/wp\/v2\/tags?post=32750"}],"curies":[{"name":"wp","href":"https:\/\/api.w.org\/{rel}","templated":true}]}}