{"id":32562,"date":"2018-06-14T01:15:42","date_gmt":"2018-06-13T23:15:42","guid":{"rendered":"http:\/\/www.area-press.eu\/comunicatistampa\/?p=32562"},"modified":"2018-06-14T01:15:42","modified_gmt":"2018-06-13T23:15:42","slug":"crema-contro-le-macchie-del-viso-ecco-i-vantaggi-della-bava-di-lumaca","status":"publish","type":"post","link":"https:\/\/www.area-press.eu\/comunicatistampa\/2018\/06\/14\/crema-contro-le-macchie-del-viso-ecco-i-vantaggi-della-bava-di-lumaca\/","title":{"rendered":"Crema Contro Le Macchie Del Viso, Ecco I Vantaggi Della Bava Di Lumaca"},"content":{"rendered":"<p>La <strong>bava di lumaca<\/strong> \u00e8 una sostanza <strong>ricca di antiossidanti <\/strong>e di principio attivo dell&#8217;acido glicolico che riesce a contrastare la presenza di arrossamenti e irritazioni di vario genere. Quando si sceglie una crema per cercare di arginare la presenza di macchie per il viso, bisognerebbe puntare su questo tipo di sostanza in quanto riuscir\u00e0 a garantire una pulizia un&#8217;idratazione profonda che sar\u00e0 davvero fenomenale per combattere qualunque tipologia di macchia che possa andare a comparire sul viso.<\/p>\n<h3>Ridurre Le Macchie Sul Viso Con La Crema Bava Di Lumaca<\/h3>\n<p>La presenza di difetti ed inestetismi sul viso possono andare ad influire in maniera negativa sulla bellezza, la luminosit\u00e0 ed il benessere della pelle. La presenza di <strong>brufoli<\/strong>, come anche di macchie e segnali di espressione, potrebbero diventare davvero rischiosi per la salute e la bellezza del vostro viso. Le <strong>macchie sul viso<\/strong> sono alcuni dei problemi maggiormente diffusi che riescono a segnare una difficolt\u00e0 nella salute della pelle. Quando compaiono, \u00e8 opportuno puntare su una crema contro le macchie del viso che possa essere naturale e soprattutto risolvere il problema una volta e per tutte. Per ridurre le macchie cutanee molte donne mettono in campo una vera e propria sfida. Tra i prodotti che maggiormente saranno in grado di aiutarvi, c&#8217;\u00e8 la <strong>bava di lumache<\/strong>. <a href=\"https:\/\/bioluma.it\/applicazioni\/crema-macchie-pelle-bava-di-lumaca\/\"><strong>La bava di lumache riesce a contrastare in profondit\u00e0 questo fenomeno<\/strong><\/a> in quanto agisce su quelle che sono le cause.<\/p>\n<h3>Una Crema Contro Le Macchie Del Viso, Risolvere Il Problema Alla Base<\/h3>\n<p>Una crema contro le macchie del viso che funziona deve riuscire a risolvere il problema alla base. Infatti, le macchie cutanee solitamente si presentano per l&#8217;azione dei raggi solari oppure per l&#8217;avanzare del tempo. Per cercare di combattere gli effetti dannosi di queste cause sar\u00e0 opportuno utilizzare dei prodotti che possono anche fungere da filtri e andare a ricostituire in maniera naturale quelli che sono gli equilibri della pelle. E&#8217; per questo motivo che una buona crema contro le macchie del viso dovrebbe contenere assente hanno la <strong>bava delle lumache<\/strong>. Questa sostanza infatti, \u00e8 ricca di antiossidanti e soprattutto va a stimolare la produzione di elastina e di <strong>collagene<\/strong>, cos\u00ec da riuscire a garantire la riparazione dei tessuti naturali. Nella <strong>bava di lumache<\/strong> si trova infatti l&#8217;allantoina che \u00e8 una sostanza preziosa proprio per ricostituire la salute e della pelle. I principi attivi naturali della <strong>bava di lumache<\/strong> che si trova all&#8217;interno di una buona crema contro le macchie del viso, vi daranno l&#8217;aspetto che avete sempre desiderato migliorando il rapporto con questo fenomeno.<\/p>\n<h3>Usare Una Crema Contro Le Macchie Del Viso, Gli Effetti Della Bava Di Lumaca<\/h3>\n<p>Una volta utilizzata una crema che abbia alla sua base la <strong>bava di lumache<\/strong>, sembrano numerosissimi gli effetti fin a subito. La pelle sar\u00e0 infatti rf \u00e8 molto pi\u00f9 luminosa e idratata, morbida e levigata ed in pi\u00f9 sar\u00e0 purificata dalla presenza di rossore, cicatrici, macchie, <strong>smagliature<\/strong> e <strong>brufoli<\/strong>. Tutte le macchie si andranno attenuando e soprattutto la crema sar\u00e0 in grado di agire fino in fondo per migliorare la salute della pelle. Chi prova la crema a base di <strong>bava di lumaca<\/strong> e si deve rendere conto presto che si tratta di un prodotto che \u00e8 in grado di ricostituire e regolare gli effetti sulla pelle. La <strong>bava di lumaca<\/strong> perci\u00f2 \u00e8 un elisir di bellezza e deve essere presa in considerazione per contrastare la presenza di macchie cutanee.<\/p>\n","protected":false},"excerpt":{"rendered":"<p>La bava di lumaca \u00e8 una sostanza ricca di antiossidanti e di principio attivo dell&#8217;acido glicolico che riesce a contrastare la presenza di arrossamenti e irritazioni di vario genere. Quando si sceglie una crema per cercare di arginare la presenza di macchie per il viso, bisognerebbe puntare su questo tipo di sostanza in quanto riuscir\u00e0 [&hellip;]<\/p>\n","protected":false},"author":4786,"featured_media":0,"comment_status":"open","ping_status":"open","sticky":false,"template":"","format":"standard","meta":{"footnotes":""},"categories":[14],"tags":[14553,20363,20364],"class_list":["post-32562","post","type-post","status-publish","format-standard","hentry","category-salute-e-medicina","tag-bava-di-lumaca","tag-crema","tag-macchie-del-viso"],"_links":{"self":[{"href":"https:\/\/www.area-press.eu\/comunicatistampa\/wp-json\/wp\/v2\/posts\/32562","targetHints":{"allow":["GET"]}}],"collection":[{"href":"https:\/\/www.area-press.eu\/comunicatistampa\/wp-json\/wp\/v2\/posts"}],"about":[{"href":"https:\/\/www.area-press.eu\/comunicatistampa\/wp-json\/wp\/v2\/types\/post"}],"author":[{"embeddable":true,"href":"https:\/\/www.area-press.eu\/comunicatistampa\/wp-json\/wp\/v2\/users\/4786"}],"replies":[{"embeddable":true,"href":"https:\/\/www.area-press.eu\/comunicatistampa\/wp-json\/wp\/v2\/comments?post=32562"}],"version-history":[{"count":1,"href":"https:\/\/www.area-press.eu\/comunicatistampa\/wp-json\/wp\/v2\/posts\/32562\/revisions"}],"predecessor-version":[{"id":32564,"href":"https:\/\/www.area-press.eu\/comunicatistampa\/wp-json\/wp\/v2\/posts\/32562\/revisions\/32564"}],"wp:attachment":[{"href":"https:\/\/www.area-press.eu\/comunicatistampa\/wp-json\/wp\/v2\/media?parent=32562"}],"wp:term":[{"taxonomy":"category","embeddable":true,"href":"https:\/\/www.area-press.eu\/comunicatistampa\/wp-json\/wp\/v2\/categories?post=32562"},{"taxonomy":"post_tag","embeddable":true,"href":"https:\/\/www.area-press.eu\/comunicatistampa\/wp-json\/wp\/v2\/tags?post=32562"}],"curies":[{"name":"wp","href":"https:\/\/api.w.org\/{rel}","templated":true}]}}