{"id":325,"date":"2015-07-19T14:40:20","date_gmt":"2015-07-19T12:40:20","guid":{"rendered":"http:\/\/www.area-press.eu\/comunicatistampa\/?p=325"},"modified":"2018-10-28T18:24:54","modified_gmt":"2018-10-28T17:24:54","slug":"antonello-de-pierro-ospite-al-romafrica-film-festival-3","status":"publish","type":"post","link":"https:\/\/www.area-press.eu\/comunicatistampa\/2015\/07\/19\/antonello-de-pierro-ospite-al-romafrica-film-festival-3\/","title":{"rendered":"Antonello De Pierro ospite al RomAfrica Film Festival"},"content":{"rendered":"<h4><em>Il presidente dell\u2019Italia dei Diritti ha partecipato a Roma, presso la Casa del Cinema, alla\u00a0 prima edizione della manifestazione internazionale dedicata al cinema africano<\/em><\/h4>\n<p>Roma &#8211; Bagno di folla presso la Casa del Cinema a Roma in occasione della prima edizione del RomAfrica Film Festival, la kermesse organizzata per promuovere la cultura africana e valorizzare le eccellenze intellettuali e artistiche del Continente Nero. Una fucina di talenti e di espressioni culturali spesso sottaciute che, grazie a questo commendevole progetto, potranno finalmente ampliare il loro orizzonte di utenza, trasmettendo tramite pellicole di valore una ricchezza pressoch\u00e9 inesplorata e sconosciuta ai pi\u00f9, favorendo cos\u00ec l\u2019integrazione e gli scambi socioculturali. La scelta della Capitale per una manifestazione tanto ambiziosa non impone certo la necessit\u00e0 di particolari spiegazioni. Una realt\u00e0 metropolitana di indubbio respiro internazionale cos\u00ec tangibilmente e inarrestabilmente multietnica e multiculturale \u00e8 lo scenario logistico naturale per tagliare il nastro di un evento che spalanca le porte dell\u2019Africa in celluloide all\u2019Italia e a tutto il mondo. E il pubblico non si \u00e8 fatto pregare, viste le premesse, affollando abbondantemente oltre le previsioni tutti gli spazi previsti per le proiezioni e in particolar modo l\u2019arena all\u2019aperto dove la platea debordante \u00e8 stata costretta a prendere posto anche sul prato circostante per non perdere le attese proiezioni articolate nelle varie serate, in particolare il film etiope L\u2019Atleta per la regia di Davey Frankel e quello sudafricano Cold Harbour, per la regia di Carey McKenzie. Proprio in occasione del lancio di quest\u2019ultima pellicola la manifestazione ha ospitato, invitato dal direttore artistico Antonio Flamini, il giornalista Antonello De Pierro, presidente dell\u2019Italia dei Diritti e direttore di Italymedia.it, da sempre grande amante del cinema e acerrimo sostenitore delle pellicole realizzate con budget pi\u00f9 ridotti, una difesa che si \u00e8 estrinsecata nella sua maggior espressione durante i dieci anni trascorsi da direttore di Radio Roma, che l\u2019hanno reso una voce storica nell\u2019etere dell\u2019Italia Centrale. Memorabile \u00e8 rimasta una puntata dedicata interamente\u00a0 al supporto nei confronti delle opere d\u2019autore made in Italy, spesso di ottima fattura ma condannate a morte a causa di battage pubblicitari contenuti, in cui ha ospitato\u00a0 nomi del calibro del compianto Carlo Lizzani, Michele Placido e Claudio Fragasso.<\/p>\n<p>Il leader dell\u2019Italia dei Diritti si \u00e8 mostrato soddisfatto dell\u2019iniziativa: \u201c<em>Ringrazio il mio amico Antonio Flamini per questo graditissimo invito. Chiunque investa risorse in iniziative del genere merita un plauso particolare perch\u00e9 i fermenti culturali devono essere valorizzati e promossi affinch\u00e9 possano essere fruibili da chiunque lo desideri, cosa che senza una promozione adeguata non potrebbe avvenire. La cultura, spesso bistrattata e relegata ai margini da una certa politica per timore di una sollecitazione pi\u00f9 intensa delle coscienze e di un risveglio da un torpore ormai cronicizzato, \u00e8 il concime naturale per il rinnovamento e per la crescita dei corpi collettivi. Il parenchima sociale ha un disperato bisogno di nutrirsi al banco della sperimentazione artistica e culturale, potentissimo mezzo per la messa a fuoco e l\u2019emersione di fronte alla pubblica opinione delle varie e numerose distorsioni del nostro tempo<\/em>\u201d.<\/p>\n","protected":false},"excerpt":{"rendered":"<p>Il presidente dell\u2019Italia dei Diritti ha partecipato a Roma, presso la Casa del Cinema, alla\u00a0 prima edizione della manifestazione internazionale dedicata al cinema africano Roma &#8211; Bagno di folla presso la Casa del Cinema a Roma in occasione della prima edizione del RomAfrica Film Festival, la kermesse organizzata per promuovere la cultura africana e valorizzare [&hellip;]<\/p>\n","protected":false},"author":33,"featured_media":0,"comment_status":"open","ping_status":"open","sticky":false,"template":"","format":"standard","meta":{"footnotes":""},"categories":[3,8,13],"tags":[139,142,152,155,126,138,154,105,136,121,133,123,125,124,112,106,128,132,130,131,120,116,129,110,135,118,108,127,122,107,113,109,111,115,117],"class_list":["post-325","post","type-post","status-publish","format-standard","hentry","category-arte-e-cultura","category-eventi","category-politica","tag-adriana-volpe","tag-alba-parietti","tag-alessia-mancini","tag-anna-falchi","tag-anna-tatangelo","tag-antonella-clerici","tag-antonella-mosetti","tag-antonello-de-pierro","tag-asia-argento","tag-belen-rodriguez","tag-cameron-diaz","tag-elena-santarelli","tag-elisabetta-canalis","tag-emma-marrone","tag-grande-fratello","tag-italia-dei-diritti","tag-jennifer-aniston","tag-jennifer-lopez","tag-justin-bieber","tag-kate-middleton","tag-kate-upton","tag-katy-perry","tag-lindsay-lohan","tag-manuela-arcuri","tag-michael-jackson","tag-mila-kunis","tag-monica-bellucci","tag-nicky-minaj","tag-nicole-minetti","tag-radio-roma","tag-rihanna","tag-sabrina-ferilli","tag-sara-tommasi","tag-selena-gomez","tag-taylor-swift"],"_links":{"self":[{"href":"https:\/\/www.area-press.eu\/comunicatistampa\/wp-json\/wp\/v2\/posts\/325","targetHints":{"allow":["GET"]}}],"collection":[{"href":"https:\/\/www.area-press.eu\/comunicatistampa\/wp-json\/wp\/v2\/posts"}],"about":[{"href":"https:\/\/www.area-press.eu\/comunicatistampa\/wp-json\/wp\/v2\/types\/post"}],"author":[{"embeddable":true,"href":"https:\/\/www.area-press.eu\/comunicatistampa\/wp-json\/wp\/v2\/users\/33"}],"replies":[{"embeddable":true,"href":"https:\/\/www.area-press.eu\/comunicatistampa\/wp-json\/wp\/v2\/comments?post=325"}],"version-history":[{"count":2,"href":"https:\/\/www.area-press.eu\/comunicatistampa\/wp-json\/wp\/v2\/posts\/325\/revisions"}],"predecessor-version":[{"id":34986,"href":"https:\/\/www.area-press.eu\/comunicatistampa\/wp-json\/wp\/v2\/posts\/325\/revisions\/34986"}],"wp:attachment":[{"href":"https:\/\/www.area-press.eu\/comunicatistampa\/wp-json\/wp\/v2\/media?parent=325"}],"wp:term":[{"taxonomy":"category","embeddable":true,"href":"https:\/\/www.area-press.eu\/comunicatistampa\/wp-json\/wp\/v2\/categories?post=325"},{"taxonomy":"post_tag","embeddable":true,"href":"https:\/\/www.area-press.eu\/comunicatistampa\/wp-json\/wp\/v2\/tags?post=325"}],"curies":[{"name":"wp","href":"https:\/\/api.w.org\/{rel}","templated":true}]}}