{"id":32462,"date":"2018-06-08T20:22:42","date_gmt":"2018-06-08T18:22:42","guid":{"rendered":"http:\/\/www.area-press.eu\/comunicatistampa\/?p=32462"},"modified":"2018-06-08T20:22:42","modified_gmt":"2018-06-08T18:22:42","slug":"il-porto-il-ristorante-di-pesce-in-versilia","status":"publish","type":"post","link":"https:\/\/www.area-press.eu\/comunicatistampa\/2018\/06\/08\/il-porto-il-ristorante-di-pesce-in-versilia\/","title":{"rendered":"Il Porto: Il Ristorante di pesce in Versilia"},"content":{"rendered":"<p>Torna a nuova vita, nella maniera migliore possibile, il ristorante di pesce <a href=\"https:\/\/www.ristoranteilporto.eu\/\"><strong>Il Porto<\/strong><\/a>, da anni situato in quella location esclusiva che \u00e8 la<strong> darsena di Viareggio<\/strong>, proprio di fronte a dove attraccano i maxi yacht appena usciti dai cantieri navali fra i pi\u00f9 famosi al mondo.<\/p>\n<p>Ogni aspetto del ristorante \u00e8 stato curato in maniera maniacale: gli ambienti, contraddistinti da uno stile raffinato, la particolare attenzione all&#8217;insonorizzazione senza l&#8217;utilizzo di barriere architettoniche, la cucina a vista e la cucina interna di pasticceria, la suggestiva e romantica terrazza, il piccolo e romantico giardino.<\/p>\n<p>Grazie alla presenza del rinomato <strong>Chef Daniele Angelini<\/strong> e dello <strong>Chef Patissier Ariadna Perez<\/strong>, gli Ospiti possono degustare piatti tipici della tradizione viareggina e versiliese, rivisitati con creativit\u00e0 e capaci di esaltare i sapori delle materie prime selezionate con grandissima attenzione. Giorno dopo giorno.<\/p>\n<p>Seppur specializzato nella cucina di pesce, il ristorante <strong>Il Porto<\/strong> propone anche piatti di terra preparati con la medesima cura. La carta dei vini, poi, \u00e8 stata creata con passione dal sommelier del ristorante includendo sia etichette di altissimo pregio che etichette meno conosciute provenienti da piccole aziende vinicole, contraddistinte comunque da assoluta qualit\u00e0 e tutte capaci di accompagnare nella maniera pi\u00f9 degna possibile le ricette di questo elegante ristorante sul mare.<\/p>\n<p>Mangiare al <strong>ristorante Il Porto<\/strong> \u00e8 un viaggio emozionale capace di soddisfare i palati pi\u00f9 esigenti, di emozionare gli occhi ma prima di tutto, il cuore.<\/p>\n<p>&nbsp;<\/p>\n","protected":false},"excerpt":{"rendered":"<p>Torna a nuova vita, nella maniera migliore possibile, il ristorante di pesce Il Porto, da anni situato in quella location esclusiva che \u00e8 la darsena di Viareggio, proprio di fronte a dove attraccano i maxi yacht appena usciti dai cantieri navali fra i pi\u00f9 famosi al mondo. Ogni aspetto del ristorante \u00e8 stato curato in [&hellip;]<\/p>\n","protected":false},"author":246,"featured_media":0,"comment_status":"open","ping_status":"open","sticky":false,"template":"","format":"standard","meta":{"footnotes":""},"categories":[29],"tags":[20288,20290,20289],"class_list":["post-32462","post","type-post","status-publish","format-standard","hentry","category-comunicati","tag-ristorante-pesce","tag-ristorante-versilia","tag-ristorante-viareggio"],"_links":{"self":[{"href":"https:\/\/www.area-press.eu\/comunicatistampa\/wp-json\/wp\/v2\/posts\/32462","targetHints":{"allow":["GET"]}}],"collection":[{"href":"https:\/\/www.area-press.eu\/comunicatistampa\/wp-json\/wp\/v2\/posts"}],"about":[{"href":"https:\/\/www.area-press.eu\/comunicatistampa\/wp-json\/wp\/v2\/types\/post"}],"author":[{"embeddable":true,"href":"https:\/\/www.area-press.eu\/comunicatistampa\/wp-json\/wp\/v2\/users\/246"}],"replies":[{"embeddable":true,"href":"https:\/\/www.area-press.eu\/comunicatistampa\/wp-json\/wp\/v2\/comments?post=32462"}],"version-history":[{"count":1,"href":"https:\/\/www.area-press.eu\/comunicatistampa\/wp-json\/wp\/v2\/posts\/32462\/revisions"}],"predecessor-version":[{"id":32464,"href":"https:\/\/www.area-press.eu\/comunicatistampa\/wp-json\/wp\/v2\/posts\/32462\/revisions\/32464"}],"wp:attachment":[{"href":"https:\/\/www.area-press.eu\/comunicatistampa\/wp-json\/wp\/v2\/media?parent=32462"}],"wp:term":[{"taxonomy":"category","embeddable":true,"href":"https:\/\/www.area-press.eu\/comunicatistampa\/wp-json\/wp\/v2\/categories?post=32462"},{"taxonomy":"post_tag","embeddable":true,"href":"https:\/\/www.area-press.eu\/comunicatistampa\/wp-json\/wp\/v2\/tags?post=32462"}],"curies":[{"name":"wp","href":"https:\/\/api.w.org\/{rel}","templated":true}]}}