{"id":32448,"date":"2018-06-08T20:22:41","date_gmt":"2018-06-08T18:22:41","guid":{"rendered":"http:\/\/www.area-press.eu\/comunicatistampa\/?p=32448"},"modified":"2018-06-08T20:22:41","modified_gmt":"2018-06-08T18:22:41","slug":"le-figure-manageriali-piu-richieste-dalle-pmi-in-italia-le-opinioni-di-cogefim","status":"publish","type":"post","link":"https:\/\/www.area-press.eu\/comunicatistampa\/2018\/06\/08\/le-figure-manageriali-piu-richieste-dalle-pmi-in-italia-le-opinioni-di-cogefim\/","title":{"rendered":"Le figure manageriali pi\u00f9 richieste dalle Pmi in Italia: le opinioni di Cogefim"},"content":{"rendered":"<p><em><strong><a href=\"https:\/\/www.corpg.it\/aziende\/cogefim-s-r-l\/\" title=\"Cogefim, corpg\">Cogefim<\/a> si occupa nelle sue recensioni della nuova ricerca di Confapi: dopo la pi\u00f9 grave crisi economica del Dopoguerra, le Pmi italiane hanno bisogno di figure professionali sempre pi\u00f9 specializzate. <\/strong><\/em><\/p>\n<p><a href=\"https:\/\/www.corpg.it\/aziende\/cogefim-s-r-l\/\" title=\"Cogefim recensioni\"><img loading=\"lazy\" decoding=\"async\" alt=\"Cogefim Srl\" height=\"175\" src=\"https:\/\/www.corpg.it\/wp-content\/uploads\/2014\/10\/cogefim.jpg\" width=\"175\" \/><\/a><\/p>\n<h2>Le opinioni di Cogefim sulla ricerca di Confapi<\/h2>\n<p>In seguito alla ripresa economica di questi ultimi anni, sono diventate necessarie nuove e ulteriori professionalit\u00e0 per consentire alle piccole e medie aziende italiane di tenere il passo con le concorrenti estere. Le <strong>opinioni<\/strong> di <strong>Cogefim <\/strong>sulla recente ricerca di Confapi (Confederazione delle Piccole e Medie Imprese private Italiane) confermano come in Italia siano sempre pi\u00f9 richieste figure manageriali altamente specializzate. Sono state interpellate circa 1.500 aziende, che hanno espresso le loro preferenze riguardo alle figure manageriali di cui hanno pi\u00f9 necessit\u00e0. Il 57,4% delle imprese conferma la mancanza di professionalit\u00e0 altamente specializzata: tra queste, il 34,4% ricerca un export manager, che risulta di fatto la figura pi\u00f9 richiesta. Come sottolinea <strong>Cogefim <\/strong>nelle sue <strong>recensioni<\/strong>, l&#8217;export manager \u00e8 fondamentale per lo sviluppo dell&#8217;azienda sul mercato estero. \u00c8 importante che sia in grado di studiare e analizzare gli altri Paesi dal punto di vista economico, sociale e politico, per individuare i mercati di maggior interesse. Per il 23% delle aziende inoltre, \u00e8 cruciale avvalersi di un innovation manager: accelerare i processi di innovazione, per un mondo delle imprese che tende sempre pi\u00f9 verso il digitale, \u00e8 un processo che richiede l&#8217;analisi e l&#8217;assistenza di professionisti del settore. <\/p>\n<h2>Tre figure manageriali necessarie per le Pmi nelle recensioni di Cogefim<\/h2>\n<p>Nonostante siano molto richiesti, export manager e innovation manager non bastano: per il 22% delle aziende, come evidenza <strong><a href=\"https:\/\/www.corpg.it\/aziende\/cogefim-s-r-l\/\" title=\"Cogefim opinioni\">Cogefim<\/a><\/strong> nelle sue <strong>opinioni<\/strong> e <strong>recensioni<\/strong>, \u00e8 fondamentale potersi affidare a un temporary manager. In azienda per un periodo limitato, dai 3 ai 9 mesi, questa figura \u00e8 utile durante processi di riorganizzazione, gestione delle strategie di sviluppo e passaggi di propriet\u00e0. Pu\u00f2 affiancare l&#8217;impresa durante le fasi di lancio e sviluppo di nuovi prodotti. Il manager di rete invece \u00e8 ritenuto molto utile per il 15% delle Pmi, per facilitare processi di sviluppo e creazione di nuove reti, garantendo flessibilit\u00e0, creativit\u00e0 ed efficienza. Infine una figura nuova, necessaria anche secondo le <strong>opinioni<\/strong> di <strong>Cogefim<\/strong>, \u00e8 promossa in particolare da Confapi e Federmanager: si tratta del professional, che offre la sua esperienza in azienda per un periodo limitato, aiutando a far fronte a particolari esigenze produttive e organizzative, nella gestione del personale, l&#8217;implementazione di nuove strumentazioni tecnologiche o per i processi di internazionalizzazione. <\/p>\n","protected":false},"excerpt":{"rendered":"<p>Cogefim si occupa nelle sue recensioni della nuova ricerca di Confapi: dopo la pi\u00f9 grave crisi economica del Dopoguerra, le Pmi italiane hanno bisogno di figure professionali sempre pi\u00f9 specializzate. Le opinioni di Cogefim sulla ricerca di Confapi In seguito alla ripresa economica di questi ultimi anni, sono diventate necessarie nuove e ulteriori professionalit\u00e0 per [&hellip;]<\/p>\n","protected":false},"author":40,"featured_media":0,"comment_status":"open","ping_status":"open","sticky":false,"template":"","format":"standard","meta":{"footnotes":""},"categories":[5],"tags":[13084],"class_list":["post-32448","post","type-post","status-publish","format-standard","hentry","category-aziendali","tag-cogefim-recensioni"],"_links":{"self":[{"href":"https:\/\/www.area-press.eu\/comunicatistampa\/wp-json\/wp\/v2\/posts\/32448","targetHints":{"allow":["GET"]}}],"collection":[{"href":"https:\/\/www.area-press.eu\/comunicatistampa\/wp-json\/wp\/v2\/posts"}],"about":[{"href":"https:\/\/www.area-press.eu\/comunicatistampa\/wp-json\/wp\/v2\/types\/post"}],"author":[{"embeddable":true,"href":"https:\/\/www.area-press.eu\/comunicatistampa\/wp-json\/wp\/v2\/users\/40"}],"replies":[{"embeddable":true,"href":"https:\/\/www.area-press.eu\/comunicatistampa\/wp-json\/wp\/v2\/comments?post=32448"}],"version-history":[{"count":1,"href":"https:\/\/www.area-press.eu\/comunicatistampa\/wp-json\/wp\/v2\/posts\/32448\/revisions"}],"predecessor-version":[{"id":32449,"href":"https:\/\/www.area-press.eu\/comunicatistampa\/wp-json\/wp\/v2\/posts\/32448\/revisions\/32449"}],"wp:attachment":[{"href":"https:\/\/www.area-press.eu\/comunicatistampa\/wp-json\/wp\/v2\/media?parent=32448"}],"wp:term":[{"taxonomy":"category","embeddable":true,"href":"https:\/\/www.area-press.eu\/comunicatistampa\/wp-json\/wp\/v2\/categories?post=32448"},{"taxonomy":"post_tag","embeddable":true,"href":"https:\/\/www.area-press.eu\/comunicatistampa\/wp-json\/wp\/v2\/tags?post=32448"}],"curies":[{"name":"wp","href":"https:\/\/api.w.org\/{rel}","templated":true}]}}