{"id":32257,"date":"2018-06-04T14:20:51","date_gmt":"2018-06-04T12:20:51","guid":{"rendered":"http:\/\/www.area-press.eu\/comunicatistampa\/?p=32257"},"modified":"2018-06-04T14:20:51","modified_gmt":"2018-06-04T12:20:51","slug":"a-bergamo-si-coltiva-solidarieta-la-festa-de-lorto-inaugura-il-weekend-del-palio-di-citta-alta","status":"publish","type":"post","link":"https:\/\/www.area-press.eu\/comunicatistampa\/2018\/06\/04\/a-bergamo-si-coltiva-solidarieta-la-festa-de-lorto-inaugura-il-weekend-del-palio-di-citta-alta\/","title":{"rendered":"A Bergamo si coltiva solidariet\u00e0. La Festa de LORTO inaugura il weekend del Palio di Citt\u00e0 Alta"},"content":{"rendered":"<p>In un\u2019oasi verde ai piedi delle Mura Venete patrimonio UNESCO trova casa un progetto che ha saputo unire agricoltura sociale e recupero urbano e che ha fatto di\u00a0<strong>comunit\u00e0, condivisione e sinergia<\/strong>\u00a0le sue parole d\u2019ordine.\u00a0<strong>LORTO, l\u2019orto sociale della Citt\u00e0 Bergamo<\/strong>, si prepara ad ospitare i festeggiamenti che daranno il via al weekend del Palio di Citt\u00e0 Alta con un evento aperto al pubblico per celebrare e condividere l\u2019impegno di quanti hanno voluto dare il loro contributo in questi primi 14 anni di vita dell\u2019orto.<\/p>\n<p><strong><u><br \/>\nIL PROGETTO.<\/u><\/strong>\u00a0Il progetto \u00e8 nato infatti nel 2004 da un\u2019idea della\u00a0<strong>Cooperativa Sociale L\u2019Impronta<\/strong>\u00a0\u2013 realt\u00e0 che da 25 anni lavora con il territorio e sul territorio di Bergamo per aiutare persone con disabilit\u00e0 e fragilit\u00e0 a trovare o ritrovare il loro posto all\u2019interno del tessuto sociale -, che,\u00a0<strong>in collaborazione con il Comune di Bergamo<\/strong>, ha voluto dedicare a\u00a0<strong>persone con disabilit\u00e0<\/strong>\u00a0uno\u00a0<strong>spazio di formazione, crescita e lavoro.<\/strong><\/p>\n<p>E cos\u00ec, quella che era una zona di rimessaggio di propriet\u00e0 del Comune ora \u00e8\u00a0<strong>un\u2019area di ca. 240mq che impegna 11 utenti, affiancati da 3 educatori e da una ventina di volontari, in attivit\u00e0 di orticoltura<\/strong>, come la costruzione e la lavorazione delle aiuole, la formazione dei calpestii, la semina, il trapianto, la manutenzione ordinaria, la cura delle piante, la raccolta e la distribuzione dei prodotti dell\u2019orto.<\/p>\n<p><strong><u><br \/>\nLE ATTIVIT\u00c0.<\/u><\/strong>\u00a0Grazie all\u2019aiuto dell\u2019agronomo Marco Zonca, le tre sezioni dell\u2019orto \u2013 un giardino e un vivaio per fiori e piante, un frutteto e un viale centrale con verdure e ortaggi \u2013 sono coltivate con\u00a0<strong>sole tecniche naturali<\/strong>, senza l\u2019utilizzo di pesticidi o altri agenti chimici, rispettando quella che \u00e8 la\u00a0<strong>naturale stagionalit\u00e0<\/strong>\u00a0delle colture. La bacheca esposta all\u2019esterno dell\u2019orto informa di giorno in giorno quali ortaggi sono pronti per la raccolta ed invita\u00a0<strong>cittadini, visitatori e turisti italiani e stranieri<\/strong>\u00a0a fare la spesa, cogliendo i prodotti direttamente dalla pianta, a fronte di un\u2019<strong>offerta libera\u00a0<\/strong>(nulla \u00e8 in vendita) che sar\u00e0 poi destinata a supportare le attivit\u00e0 della Cooperativa L\u2019Impronta.<\/p>\n<p>Non solo uno spazio per il lavoro agricolo, ma anche un\u00a0<strong>luogo di formazione<\/strong>: LORTO apre i suoi cancelli per\u00a0<strong>visite guidate e laboratori didattici aperti a tutti<\/strong>\u00a0ed organizza anche\u00a0<strong>percorsi educativi<\/strong>\u00a0di medio-lungo periodo per gli studenti delle scuole elementari e medie. L\u2019obiettivo?\u00a0<strong>Educare alla cura della pianta e alla cura della persona<\/strong>, promuovendo sul territorio, a tutte le et\u00e0, la sensibilizzazione rispetto ai temi relativi alla disabilit\u00e0 e all\u2019orticoltura.<\/p>\n<p>Ma non finisce qui: l\u2019importante\u00a0<strong>offerta formativa, socio-occupazionale e socio-educativa<\/strong>\u00a0si accompagna anche alla cultura, con\u00a0<strong>spettacoli teatrali, aperitivi letterali e concerti<\/strong>, come quelli in programma il prossimo\u00a0<strong>venerd\u00ec 8 giugno, dalle 20.00 alle 23.00<\/strong>, in occasione della\u00a0<strong>Festa dell\u2019Orto<\/strong>, che inaugurer\u00e0 il weekend del Palio di Citt\u00e0 Alta.<\/p>\n<p><strong><u><br \/>\nLA FESTA DELL\u2019ORTO.<\/u><\/strong>\u00a0Un\u00a0<strong>evento gratuito e aperto al pubblico<\/strong>\u00a0che vedr\u00e0 salire sul palco sotto Porta San Giacomo i\u00a0<strong>Conciorto<\/strong>, la band di Biagio Bagini e Gian Luigi Carlone che suoneranno letteralmente verdure fresche per ricreare melodie in un mix, tanto inusuale quanto sorprendente, di Natura e Tecnologia, e, a seguire, la\u00a0<strong>B.B.Band<\/strong>\u00a0per un tributo ai mitici Blues Brothers a ritmo di RnB &amp; Soul.<\/p>\n<p><strong><u><br \/>\nMAI DA SOLI.<\/u><\/strong>\u00a0La festa dell&#8217;orto \u00e8 un evento per ringraziare tutte le persone che partecipano e sostengono il progetto, compresa la\u00a0<strong>\u201crete\u201d de L\u2019Impronta<\/strong>: le famiglie dei volontari e degli utenti, gli abitanti e i volontari dei numerosi appartamenti che compongono i progetti di residenzialit\u00e0 della Cooperativa, gli uffici comunali, le parrocchie, i centri sportivi, le scuole, le altre cooperative e tutte le realt\u00e0, pubbliche e private, e i singoli cittadini che negli anni hanno voluto dare il loro contributo.<\/p>\n<p><em>\u00abIl nostro motto \u00e8\u00a0<strong>\u201cmai dai soli\u201d<\/strong><\/em>\u00a0&#8211; commenta il\u00a0<strong>responsabile de LORTO, Simone Rovetta<\/strong>. &#8211;\u00a0<em>Il successo dell\u2019orto sociale, come quello degli altri progetti promossi da L\u2019Impronta, si deve soprattutto alle sinergie che di volta in volta riusciamo a creare con altre realt\u00e0. Lavoriamo sul territorio e con il territorio, in un\u2019ottica di inclusivit\u00e0, condivisione e di scambio con la cittadinanza, impegnandoci ogni giorno ad alimentare ed accrescere una rete di solidariet\u00e0, che porti benefici non solo alle persone con disabilit\u00e0 o fragilit\u00e0, ma anche all\u2019intera comunit\u00e0\u00bb.<\/em><\/p>\n<p>E proprio con questo spirito, la Cooperativa Sociale L\u2019Impronta sta lavorando con la\u00a0<strong>Cooperativa Biplano<\/strong>\u00a0all\u2019apertura di un nuovo spazio verde\u00a0<strong>a Grumello al Piano<\/strong>: una\u00a0<strong>grande serra<\/strong>\u00a0che, tramite il lavoro, e con il supporto di educatori e volontari, dar\u00e0 la possibilit\u00e0 a persone con disabilit\u00e0 di trovare la propria autonomia e la propria dimensione nel tessuto sociale.<\/p>\n","protected":false},"excerpt":{"rendered":"<p>In un\u2019oasi verde ai piedi delle Mura Venete patrimonio UNESCO trova casa un progetto che ha saputo unire agricoltura sociale e recupero urbano e che ha fatto di\u00a0comunit\u00e0, condivisione e sinergia\u00a0le sue parole d\u2019ordine.\u00a0LORTO, l\u2019orto sociale della Citt\u00e0 Bergamo, si prepara ad ospitare i festeggiamenti che daranno il via al weekend del Palio di Citt\u00e0 [&hellip;]<\/p>\n","protected":false},"author":3407,"featured_media":0,"comment_status":"open","ping_status":"open","sticky":false,"template":"","format":"standard","meta":{"footnotes":""},"categories":[4,29,8,19188],"tags":[20169,20167,20168],"class_list":["post-32257","post","type-post","status-publish","format-standard","hentry","category-attualita-e-societa","category-comunicati","category-eventi","category-volontariato-e-societa","tag-limpronta","tag-lorto","tag-orto-sociale"],"_links":{"self":[{"href":"https:\/\/www.area-press.eu\/comunicatistampa\/wp-json\/wp\/v2\/posts\/32257","targetHints":{"allow":["GET"]}}],"collection":[{"href":"https:\/\/www.area-press.eu\/comunicatistampa\/wp-json\/wp\/v2\/posts"}],"about":[{"href":"https:\/\/www.area-press.eu\/comunicatistampa\/wp-json\/wp\/v2\/types\/post"}],"author":[{"embeddable":true,"href":"https:\/\/www.area-press.eu\/comunicatistampa\/wp-json\/wp\/v2\/users\/3407"}],"replies":[{"embeddable":true,"href":"https:\/\/www.area-press.eu\/comunicatistampa\/wp-json\/wp\/v2\/comments?post=32257"}],"version-history":[{"count":1,"href":"https:\/\/www.area-press.eu\/comunicatistampa\/wp-json\/wp\/v2\/posts\/32257\/revisions"}],"predecessor-version":[{"id":32258,"href":"https:\/\/www.area-press.eu\/comunicatistampa\/wp-json\/wp\/v2\/posts\/32257\/revisions\/32258"}],"wp:attachment":[{"href":"https:\/\/www.area-press.eu\/comunicatistampa\/wp-json\/wp\/v2\/media?parent=32257"}],"wp:term":[{"taxonomy":"category","embeddable":true,"href":"https:\/\/www.area-press.eu\/comunicatistampa\/wp-json\/wp\/v2\/categories?post=32257"},{"taxonomy":"post_tag","embeddable":true,"href":"https:\/\/www.area-press.eu\/comunicatistampa\/wp-json\/wp\/v2\/tags?post=32257"}],"curies":[{"name":"wp","href":"https:\/\/api.w.org\/{rel}","templated":true}]}}