{"id":32076,"date":"2018-05-28T19:06:57","date_gmt":"2018-05-28T17:06:57","guid":{"rendered":"http:\/\/www.area-press.eu\/comunicatistampa\/?p=32076"},"modified":"2018-05-28T19:06:57","modified_gmt":"2018-05-28T17:06:57","slug":"aree-interne-arte-e-natura-per-il-rilancio-dellitalia-marginale","status":"publish","type":"post","link":"https:\/\/www.area-press.eu\/comunicatistampa\/2018\/05\/28\/aree-interne-arte-e-natura-per-il-rilancio-dellitalia-marginale\/","title":{"rendered":"AREE INTERNE:  ARTE E NATURA PER IL RILANCIO DELL\u2019ITALIA MARGINALE"},"content":{"rendered":"<p>&nbsp;<\/p>\n<p><span style=\"font-size: 14pt\"><strong>Arte, natura e aree interne: all\u2019AGA di Bruxelles, le sperimentazioni per il rilancio del territorio promosse dal Programma AttivAree di Fondazione Cariplo.\u00a0<\/strong><\/span><\/p>\n<p>Si svolger\u00e0 a Bruxelles dal 29 al 31 maggio la ventinovesima edizione dell\u2019Annual General Assembly (AGA) di EFC &#8211; il network della filantropia istituzionale che riunisce oltre 300 organizzazioni di circa 40 paesi. Il tema principe di questa edizione \u2013 nell\u2019anno europeo dei beni culturali &#8211; \u00e8 proprio la cultura, che sar\u00e0 oggetto di una serie di mostre entusiasmanti, sessioni tematiche e site-visit stimolanti. Bruxelles, citt\u00e0 sinonimo di diversit\u00e0, ospiter\u00e0 un elettrizzante mondo della cultura \u2013 artistico, linguistico, architettonico e molto altro ancora \u2013 per celebrarne il valore intrinseco.<\/p>\n<p><strong>Fondazione Cariplo e il Programma AttivAree per il rilancio delle aree interne<\/strong><br \/>\nNell\u2019ambito dell\u2019AGA il Programma AttivAree \u00e8 in prima linea presentando, all\u2019interno della sessione dedicata al tema \u201cCultura e natura\u201d, i progetti frutto delle collaborazioni con due partner internazionali \u2013 Airbnb e il Giffoni Film Festival \u2013 che attraverso forme d\u2019arte diverse, stanno contribuendo alla valorizzazione del patrimonio naturale di alcuni luoghi dove \u00e8 operativo il Programma.<\/p>\n<p><strong>Le collaborazioni<\/strong><br \/>\nCon <strong>Airbnb<\/strong>, che ha scelto per il progetto \u201cItalian Villages\u201d, un borgo di AttivAree \u2013 Lavenone (BS) \u2013 arte e natura si fondono, nella poetica della giovane illustratrice Olimpia Zagnoli, che in una coloratissima installazione d\u2019arte musiva ha racchiuso un pezzo di \u201cstoria locale\u201d. Protagoniste dei mosaici che impreziosiranno lo spazio promosso dalla piattaforma di Airbnb a Lavenone, \u00e8 la rana Bufo Bufo, il simpatico anfibio che \u201canima\u201d il vicino Lago d\u2019Idro ed \u00e8 tutelato come specie a rischio.<br \/>\nL\u2019altra forma d\u2019arte che valorizza il patrimonio naturale dei territori del Programma AttivAree \u00e8 il cinema. L\u2019ottava arte ha trovato spazio d\u2019espressione grazie alla partnership stretta da Fondazione Cariplo con il <strong>Giffoni Film Festival<\/strong>, all\u2019interno di un progetto che ha coinvolto 300 studenti residenti nelle aree di riferimento (Oltrep\u00f2 Pavese e Valli Trompia e Sabbia \u2013 Brescia).<br \/>\nL\u2019esperienza, che si \u00e8 tradotta in una scuola di cinema itinerante, ha rappresentato un ponte straordinario per incontrare i giovani e consentire loro di esprimersi attraverso l\u2019arte visuale nella realizzazione di cortometraggi e spot che valorizzano i propri territori e che saranno presentati alla giuria internazionale del Giffoni Film Festival a luglio 2018.<\/p>\n<p>\u201c<em>Il confronto internazionale con altre realt\u00e0 porta slancio alle nostre progettualit\u00e0 ma anche consapevolezza della diffusione dei problemi dei territori marginali in gran parte del vecchio continente e delle tante esperienze in grado di rispondere in modo creativo e originale alla crisi di alcuni luoghi. Anche AttivAree sta sperimentando un modello di interazione tra cultura e natura che speriamo possa mostrare presto i propri frutti\u201d<\/em> afferma Elena Jachia direttore area ambiente di Fondazione Cariplo e responsabile Programma AttivAree.<\/p>\n<p>&nbsp;<\/p>\n<p><a href=\"http:\/\/AttivAree News\">http:\/\/AttivAree: http:\/\/attivaree.fondazionecariplo.it\/it\/news\/index.html<\/a><\/p>\n<p>___________<\/p>\n<p><strong>FONDAZIONE CARIPLO<\/strong> : soggetto filantropico che concede contributi a fondo perduto per la realizzazione di progetti di utilit\u00e0 sociale, sul piano internazionale figura oggi tra le prime fondazioni al mondo per patrimonio, mentre nel panorama nazionale \u00e8 tra quelle che vanta origini pi\u00f9 antiche. Nel corso degli anni, l\u2019istituzione ha saputo rinnovarsi ma rigorosamente nel segno della continuit\u00e0 e conservando la lunga tradizione lombarda. Nata, da un punto di vista formale, agli inizi degli anni Novanta con l\u2019avvento della legge Amato-Carli (che diede impulso all\u2019iter di privatizzazione e razionalizzazione del sistema bancario italiano), pu\u00f2 in realt\u00e0 far risalire il suo debutto ad oltre un secolo e mezzo prima. L\u2019ente, infatti, ha raccolto e portato avanti l\u2019esperienza della Cassa di Risparmio delle Provincie Lombarde che, costituita a Milano nel 1823, da sempre si \u00e8 contraddistinta per lo stretto legame con il territorio, contribuendo al progresso dell\u2019economia ed alla crescita sociale e culturale della comunit\u00e0 locale. Svariati gli ambiti in cui la Fondazione, in qualit\u00e0 di soggetto privato che agisce senza scopo di lucro, da tempo opera, promuovendo studi e progetti ed assegnando contributi ad iniziative che conferiscano innovazione e trasferimento tecnologico ad enti ed imprese. Il suo obiettivo \u00e8 di rappresentare una risorsa per le istituzioni del Paese e in particolare per quelle lombarde, con un occhio di riguardo per il settore della cultura e la valorizzazione dei beni artistici, ma anche l\u2019attenzione all\u2019attivit\u00e0 di service e all\u2019assistenza, all\u2019ambito della ricerca scientifica, dell\u2019istruzione e della sanit\u00e0.<\/p>\n<p><strong>ATTIV-AREE<\/strong> : Programma intersettoriale dedicato alle aree interne, che mira a \u201criattivarle\u201d e renderle pi\u00f9 attrattive attraverso la valorizzazione e la \u201cmessa a sistema\u201d delle risorse ambientali, culturali, economiche e sociali dei territori. La promozione e il sostegno a quegli elementi di unicit\u00e0 che contraddistinguono ciascun territorio e la creazione di reti collaborative che consentano di superare le difficolt\u00e0 e le distanze dai centri urbani maggiori e dai servizi sono ingredienti fondamentali del programma, operativo su due territori, l\u2019Oltrep\u00f2 Pavese e la parte alta delle bresciane Valle Trompia e Valle Sabbia. I progetti Oltrep\u00f2(Bio)diverso e Valli Resilienti, scelti tra 11 proposte ad una Call for Ideas, sono una vera scommessa per il futuro questi due territori che, iniziando a guardarsi con occhi diversi, stanno ri-scoprendo il loro patrimonio, materiale e immateriale.<\/p>\n<p>&nbsp;<\/p>\n<p>&nbsp;<\/p>\n<p>&nbsp;<\/p>\n<p>Contatti:<\/p>\n<p>Lucia Masutti \u2013 Team AttivAree Comunicazione : luciamasutti@fondazionecariplo.it<\/p>\n<p>Via Manin 23 \u2013 20121 MILANO<br \/>\nwww.fondazionecariplo.it<\/p>\n","protected":false},"excerpt":{"rendered":"<p>&nbsp; Arte, natura e aree interne: all\u2019AGA di Bruxelles, le sperimentazioni per il rilancio del territorio promosse dal Programma AttivAree di Fondazione Cariplo.\u00a0 Si svolger\u00e0 a Bruxelles dal 29 al 31 maggio la ventinovesima edizione dell\u2019Annual General Assembly (AGA) di EFC &#8211; il network della filantropia istituzionale che riunisce oltre 300 organizzazioni di circa 40 [&hellip;]<\/p>\n","protected":false},"author":5235,"featured_media":0,"comment_status":"open","ping_status":"open","sticky":false,"template":"","format":"standard","meta":{"footnotes":""},"categories":[3,29,7],"tags":[4640,20063,20062,20061,20060],"class_list":["post-32076","post","type-post","status-publish","format-standard","hentry","category-arte-e-cultura","category-comunicati","category-economia-e-finanza","tag-airbnb","tag-anno-europeo-del-patrimonio-culturale","tag-european-foundation-center","tag-fondazione-cariplo","tag-giffoni-film-festival"],"_links":{"self":[{"href":"https:\/\/www.area-press.eu\/comunicatistampa\/wp-json\/wp\/v2\/posts\/32076","targetHints":{"allow":["GET"]}}],"collection":[{"href":"https:\/\/www.area-press.eu\/comunicatistampa\/wp-json\/wp\/v2\/posts"}],"about":[{"href":"https:\/\/www.area-press.eu\/comunicatistampa\/wp-json\/wp\/v2\/types\/post"}],"author":[{"embeddable":true,"href":"https:\/\/www.area-press.eu\/comunicatistampa\/wp-json\/wp\/v2\/users\/5235"}],"replies":[{"embeddable":true,"href":"https:\/\/www.area-press.eu\/comunicatistampa\/wp-json\/wp\/v2\/comments?post=32076"}],"version-history":[{"count":6,"href":"https:\/\/www.area-press.eu\/comunicatistampa\/wp-json\/wp\/v2\/posts\/32076\/revisions"}],"predecessor-version":[{"id":32083,"href":"https:\/\/www.area-press.eu\/comunicatistampa\/wp-json\/wp\/v2\/posts\/32076\/revisions\/32083"}],"wp:attachment":[{"href":"https:\/\/www.area-press.eu\/comunicatistampa\/wp-json\/wp\/v2\/media?parent=32076"}],"wp:term":[{"taxonomy":"category","embeddable":true,"href":"https:\/\/www.area-press.eu\/comunicatistampa\/wp-json\/wp\/v2\/categories?post=32076"},{"taxonomy":"post_tag","embeddable":true,"href":"https:\/\/www.area-press.eu\/comunicatistampa\/wp-json\/wp\/v2\/tags?post=32076"}],"curies":[{"name":"wp","href":"https:\/\/api.w.org\/{rel}","templated":true}]}}