{"id":32065,"date":"2018-05-28T19:06:57","date_gmt":"2018-05-28T17:06:57","guid":{"rendered":"http:\/\/www.area-press.eu\/comunicatistampa\/?p=32065"},"modified":"2020-08-09T23:55:57","modified_gmt":"2020-08-09T21:55:57","slug":"lep-di-giovanni-battistin-piu-o-meno-per-sbaglio-fuori-il-29-maggio-in-tutti-i-digital-stores","status":"publish","type":"post","link":"https:\/\/www.area-press.eu\/comunicatistampa\/2018\/05\/28\/lep-di-giovanni-battistin-piu-o-meno-per-sbaglio-fuori-il-29-maggio-in-tutti-i-digital-stores\/","title":{"rendered":"L&#8217;EP di Giovanni Battistin &#8211; Pi\u00f9 O Meno Per Sbaglio &#8211; Fuori il 29 Maggio in tutti i Digital Stores"},"content":{"rendered":"<p>Musica indie e jazz insieme \u00e8 possibile? Forse ci riesce Giovanni Battistin , cantautore di Padova , che sotto etichetta AphroditeRecords Label sforna un Ep ricco di nuove versioni di alcuni brani gi\u00e0 editi nel precedente LP &#8220;Nemmeno Per Sbaglio&#8221;.<br \/>\nFuori in tutti i digital Stores esce Marted\u00ec 29 maggio &#8220;Pi\u00f9 O Meno Per Sbaglio&#8221; contenente 4 brani : il singolo &#8220;Amore &amp; Psiche&#8221;, ballad malinconica e romantica che qui troviamo anche in una nuova radio edit, in contemporanea all&#8217;uscita del videoclip, e 3 brani live registrati in presa diretta, &#8220;Il Filo Che Ci Lega&#8221; dove la voce e la chitarra di Battistin sono accompagnate da un violino e da un clarinetto, &#8220;Nulla Da Dire&#8221; in una versione Gipsyjazz con l&#8217;appoggio di Giacomo Cleva alla seconda chitarra , e &#8220;Raggio Di Sole&#8221; brano inedito che non appariva sul precedente LP &#8220;Nemmeno Per Sbaglio&#8221;. Questo Ep \u00e8 un altro importante tassello nella carriera di questo cantautore che coraggiosamente vuole unire il sacro, il jazz, al profano, l&#8217;indie pop.<\/p>\n<p><a href=\"https:\/\/www.facebook.com\/GiovanniBattistinOfficialPage\/\">Facebook Giovanni Battistin<\/a><br \/>\n<a href=\"https:\/\/www.instagram.com\/battistin.giovanni\">Instagram Giovanni Battistin<\/a><br \/>\n<a href=\"https:\/\/open.spotify.com\/artist\/27OiMYLuqijYeATSKBCesB?si=uwdqcwxATouHZ8gIS0mZ1A\">Spotify<\/a><\/p>\n<p>www.aphroditerecordslabel.com<\/p>\n<p><iframe loading=\"lazy\" title=\"Giovanni Battistin  - Amore &amp; Psiche (Official Video)\" width=\"500\" height=\"281\" src=\"https:\/\/www.youtube.com\/embed\/0tsSDNdSpUE?feature=oembed\" frameborder=\"0\" allow=\"accelerometer; autoplay; clipboard-write; encrypted-media; gyroscope; picture-in-picture; web-share\" referrerpolicy=\"strict-origin-when-cross-origin\" allowfullscreen><\/iframe><\/p>\n<p>&nbsp;<\/p>\n","protected":false},"excerpt":{"rendered":"<p>Musica indie e jazz insieme \u00e8 possibile? Forse ci riesce Giovanni Battistin , cantautore di Padova , che sotto etichetta AphroditeRecords Label sforna un Ep ricco di nuove versioni di alcuni brani gi\u00e0 editi nel precedente LP &#8220;Nemmeno Per Sbaglio&#8221;. Fuori in tutti i digital Stores esce Marted\u00ec 29 maggio &#8220;Pi\u00f9 O Meno Per Sbaglio&#8221; [&hellip;]<\/p>\n","protected":false},"author":4077,"featured_media":0,"comment_status":"open","ping_status":"open","sticky":false,"template":"","format":"standard","meta":{"footnotes":""},"categories":[29],"tags":[11674,16448,11672,20055],"class_list":["post-32065","post","type-post","status-publish","format-standard","hentry","category-comunicati","tag-aphroditerecordslabel","tag-ep","tag-giovanni-battistin","tag-piu-o-meno-per-sbaglio"],"_links":{"self":[{"href":"https:\/\/www.area-press.eu\/comunicatistampa\/wp-json\/wp\/v2\/posts\/32065","targetHints":{"allow":["GET"]}}],"collection":[{"href":"https:\/\/www.area-press.eu\/comunicatistampa\/wp-json\/wp\/v2\/posts"}],"about":[{"href":"https:\/\/www.area-press.eu\/comunicatistampa\/wp-json\/wp\/v2\/types\/post"}],"author":[{"embeddable":true,"href":"https:\/\/www.area-press.eu\/comunicatistampa\/wp-json\/wp\/v2\/users\/4077"}],"replies":[{"embeddable":true,"href":"https:\/\/www.area-press.eu\/comunicatistampa\/wp-json\/wp\/v2\/comments?post=32065"}],"version-history":[{"count":3,"href":"https:\/\/www.area-press.eu\/comunicatistampa\/wp-json\/wp\/v2\/posts\/32065\/revisions"}],"predecessor-version":[{"id":32070,"href":"https:\/\/www.area-press.eu\/comunicatistampa\/wp-json\/wp\/v2\/posts\/32065\/revisions\/32070"}],"wp:attachment":[{"href":"https:\/\/www.area-press.eu\/comunicatistampa\/wp-json\/wp\/v2\/media?parent=32065"}],"wp:term":[{"taxonomy":"category","embeddable":true,"href":"https:\/\/www.area-press.eu\/comunicatistampa\/wp-json\/wp\/v2\/categories?post=32065"},{"taxonomy":"post_tag","embeddable":true,"href":"https:\/\/www.area-press.eu\/comunicatistampa\/wp-json\/wp\/v2\/tags?post=32065"}],"curies":[{"name":"wp","href":"https:\/\/api.w.org\/{rel}","templated":true}]}}