{"id":32020,"date":"2018-05-26T10:21:42","date_gmt":"2018-05-26T08:21:42","guid":{"rendered":"http:\/\/www.area-press.eu\/comunicatistampa\/?p=32020"},"modified":"2018-05-26T10:21:42","modified_gmt":"2018-05-26T08:21:42","slug":"365-social-innovazione-e-velocita-al-servizio-delle-imprese","status":"publish","type":"post","link":"https:\/\/www.area-press.eu\/comunicatistampa\/2018\/05\/26\/365-social-innovazione-e-velocita-al-servizio-delle-imprese\/","title":{"rendered":"365 SOCIAL: innovazione e velocit\u00e0 al servizio delle imprese"},"content":{"rendered":"<p>Comunicare con i propri utenti <strong>Facebook<\/strong> \u00e8 oggi un requisito essenziale per qualsiasi attivit\u00e0, ma ogni imprenditore affronta un dilemma: meglio affidarsi totalmente ad un\u2019agenzia esterna e concentrare le energie sul proprio business o continuare a raccontare la propria storia nei pochi momenti liberi?<\/p>\n<p>Gli esperti di social media management non hanno dubbi: l\u2019importanza del contesto \u00e8 fondamentale. PMI e liberi professionisti hanno esigenze e pubblici di riferimento molto diversi tra loro, pubblicare qualche post una volta ogni tanto non basta ad aumentare la visibilit\u00e0 di una pagina Facebook e tantomeno a conquistare clienti. La tua vetrina sui social deve essere allestita dai migliori professionisti del social media management.<\/p>\n<p><strong>Berny Web <\/strong>ha sviluppato un servizio innovativo dedicato a tutti i liberi professionisti, imprese e ditte individuali, che garantisce un aggiornamento costante e personalizzato delle pagine Facebook, basato su prodotti e servizi specifici.<\/p>\n<p><!--more--><\/p>\n<p>A parlarne \u00e8 <strong>Flavio Mistretta<\/strong>, Direttore Marketing di Berny Web e ideatore del prodotto:<\/p>\n<p>&nbsp;<\/p>\n<p><em>\u00a0\u201c365 Social nasce dall\u2019esigenza di dare ad ogni privato, ed a ogni azienda, la possibilit\u00e0 di essere costantemente presente su Facebook con una pagina aggiornata. Ad oggi chi vuole cercare informazioni su un\u2019attivit\u00e0 per prima cosa va a cercare sui social\u2026e vuole conoscere la tua identit\u00e0 e la tua vera personalit\u00e0\u2026hai idea di cosa pu\u00f2 voler dire trovare ad agosto una pagina con gli auguri di Natale? Il costo, poi, \u00e8 stato pensato per dare la possibilit\u00e0 a tutti di poterlo e volerlo fare, 365 social non pretende di essere il tuo Social Media Manager, ma un supporto fondamentale alla tua comunicazione per non rimanere mai\u2026a secco di post!\u201d<\/em><\/p>\n<p><em>\u00a0<\/em><\/p>\n<p><em>\u00a0<\/em>Il pacchetto 365 SOCIAL comprende:<\/p>\n<ul>\n<li>la pubblicazione di due post a settimana per 12 mesi (foto dei servizi del cliente, aforismi, citazioni, articoli a tema e foto della citt\u00e0)<\/li>\n<li>la personalizzazione della cover Facebook<\/li>\n<li>l\u2019inserimento dei dati di contatto<\/li>\n<\/ul>\n<p>&nbsp;<\/p>\n<p>&nbsp;<\/p>\n<p>Per saperne di pi\u00f9 visita:<\/p>\n<p><a href=\"http:\/\/www.365social.it\">www.365social.it<\/a><\/p>\n<p><a href=\"http:\/\/www.bernyweb.it\/\">www.bernyweb.it<\/a><\/p>\n<p>&nbsp;<\/p>\n<p>&nbsp;<\/p>\n<p>&nbsp;<\/p>\n<p>&nbsp;<\/p>\n","protected":false},"excerpt":{"rendered":"<p>Comunicare con i propri utenti Facebook \u00e8 oggi un requisito essenziale per qualsiasi attivit\u00e0, ma ogni imprenditore affronta un dilemma: meglio affidarsi totalmente ad un\u2019agenzia esterna e concentrare le energie sul proprio business o continuare a raccontare la propria storia nei pochi momenti liberi? Gli esperti di social media management non hanno dubbi: l\u2019importanza del [&hellip;]<\/p>\n","protected":false},"author":5092,"featured_media":0,"comment_status":"open","ping_status":"open","sticky":false,"template":"","format":"standard","meta":{"footnotes":""},"categories":[29],"tags":[],"class_list":["post-32020","post","type-post","status-publish","format-standard","hentry","category-comunicati"],"_links":{"self":[{"href":"https:\/\/www.area-press.eu\/comunicatistampa\/wp-json\/wp\/v2\/posts\/32020","targetHints":{"allow":["GET"]}}],"collection":[{"href":"https:\/\/www.area-press.eu\/comunicatistampa\/wp-json\/wp\/v2\/posts"}],"about":[{"href":"https:\/\/www.area-press.eu\/comunicatistampa\/wp-json\/wp\/v2\/types\/post"}],"author":[{"embeddable":true,"href":"https:\/\/www.area-press.eu\/comunicatistampa\/wp-json\/wp\/v2\/users\/5092"}],"replies":[{"embeddable":true,"href":"https:\/\/www.area-press.eu\/comunicatistampa\/wp-json\/wp\/v2\/comments?post=32020"}],"version-history":[{"count":1,"href":"https:\/\/www.area-press.eu\/comunicatistampa\/wp-json\/wp\/v2\/posts\/32020\/revisions"}],"predecessor-version":[{"id":32021,"href":"https:\/\/www.area-press.eu\/comunicatistampa\/wp-json\/wp\/v2\/posts\/32020\/revisions\/32021"}],"wp:attachment":[{"href":"https:\/\/www.area-press.eu\/comunicatistampa\/wp-json\/wp\/v2\/media?parent=32020"}],"wp:term":[{"taxonomy":"category","embeddable":true,"href":"https:\/\/www.area-press.eu\/comunicatistampa\/wp-json\/wp\/v2\/categories?post=32020"},{"taxonomy":"post_tag","embeddable":true,"href":"https:\/\/www.area-press.eu\/comunicatistampa\/wp-json\/wp\/v2\/tags?post=32020"}],"curies":[{"name":"wp","href":"https:\/\/api.w.org\/{rel}","templated":true}]}}