{"id":31930,"date":"2018-05-24T09:32:48","date_gmt":"2018-05-24T07:32:48","guid":{"rendered":"http:\/\/www.area-press.eu\/comunicatistampa\/?p=31930"},"modified":"2020-08-09T23:55:58","modified_gmt":"2020-08-09T21:55:58","slug":"a-tu-per-tu-con-edoardo-bennato-al-park-casino-hotel-di-nova-gorica","status":"publish","type":"post","link":"https:\/\/www.area-press.eu\/comunicatistampa\/2018\/05\/24\/a-tu-per-tu-con-edoardo-bennato-al-park-casino-hotel-di-nova-gorica\/","title":{"rendered":"A tu per tu con Edoardo Bennato al Park Casin\u00f2 &amp; Hotel di Nova Gorica"},"content":{"rendered":"<p>Sorprendere, emozionare, divertire e smuovere le coscienze: a poco pi\u00f9 di 2 anni dal sold out al Perla, <strong>venerd\u00ec 25 maggio Edoardo Bennato sar\u00e0 ospite al Park Casin\u00f2 &amp; Hotel<\/strong>, pronto ad incantare il pubblico di Nova Gorica con tutta la magia e l\u2019energia del suo stile unico e inconfondibile nel panorama della musica italiana.<\/p>\n<p>Bennato approda al Park Casin\u00f2 &amp; Hotel nel cuore di una stagione ricca di impegni professionali che lo hanno visto calcare i pi\u00f9 importanti palcoscenici televisivi italiani, anche in vista del debutto del nuovo musical dedicato a Pinocchio, atteso per il 2019. Un\u2019occasione da non perdere per tutti i fan, che potranno ammirare il loro idolo a pochi metri di distanza, approfittando del <strong>contesto intimo e riservato offerto dalla sala spettacoli Tiffany<\/strong>.<\/p>\n<p>Immancabili in scaletta i grandi successi di sempre: \u201cIl gatto e la volpe\u201d, <em>\u201cSono solo canzonette\u201d, \u201cViva la mamma\u201d e \u201cL\u2019isola che non c\u2019\u00e8\u201d, solo per citarne alcune. Grande attesa anche per l\u2019esecuzione live di <\/em>\u201cMastro Geppetto\u201d, singolo contenuto insieme a \u201cLucignolo\u201d e \u201cChe comico il Grillo Parlante\u201d, nella <strong>nuova edizione di \u201cBurattino senza fili\u201d<\/strong>, il celebre album del 1977 ispirato alla favola di Pinocchio, ripubblicato in occasione del quarantesimo anniversario.<\/p>\n<p>Il concerto di Edoardo Bennato si inserisce in un periodo di <strong>grandi eventi nelle strutture del Gruppo Hit di Nova Gorica<\/strong>: in occasione del Festival delle Rose, ad esempio, in tutti i ristoranti si potranno assaggiare specialit\u00e0 a base di rose, mentre nel centro benessere della SPA Perla sono previsti speciali massaggi a base di olio essenziale di rosa, eseguiti su letto ad acqua. E poi <strong>concerti, spettacoli di magia e di ballo, tribute band e l\u2019attesissimo live di Nina Zilli<\/strong>, che far\u00e0 tappa con il suo \u201cTi Amo Mi Uccidi Tour\u201d <strong>il 22 giugno<\/strong> al Perla Casin\u00f2 &amp; Hotel.<\/p>\n","protected":false},"excerpt":{"rendered":"<p>Sorprendere, emozionare, divertire e smuovere le coscienze: a poco pi\u00f9 di 2 anni dal sold out al Perla, venerd\u00ec 25 maggio Edoardo Bennato sar\u00e0 ospite al Park Casin\u00f2 &amp; Hotel, pronto ad incantare il pubblico di Nova Gorica con tutta la magia e l\u2019energia del suo stile unico e inconfondibile nel panorama della musica italiana. [&hellip;]<\/p>\n","protected":false},"author":49,"featured_media":0,"comment_status":"open","ping_status":"open","sticky":false,"template":"","format":"standard","meta":{"footnotes":""},"categories":[29],"tags":[],"class_list":["post-31930","post","type-post","status-publish","format-standard","hentry","category-comunicati"],"_links":{"self":[{"href":"https:\/\/www.area-press.eu\/comunicatistampa\/wp-json\/wp\/v2\/posts\/31930","targetHints":{"allow":["GET"]}}],"collection":[{"href":"https:\/\/www.area-press.eu\/comunicatistampa\/wp-json\/wp\/v2\/posts"}],"about":[{"href":"https:\/\/www.area-press.eu\/comunicatistampa\/wp-json\/wp\/v2\/types\/post"}],"author":[{"embeddable":true,"href":"https:\/\/www.area-press.eu\/comunicatistampa\/wp-json\/wp\/v2\/users\/49"}],"replies":[{"embeddable":true,"href":"https:\/\/www.area-press.eu\/comunicatistampa\/wp-json\/wp\/v2\/comments?post=31930"}],"version-history":[{"count":1,"href":"https:\/\/www.area-press.eu\/comunicatistampa\/wp-json\/wp\/v2\/posts\/31930\/revisions"}],"predecessor-version":[{"id":31931,"href":"https:\/\/www.area-press.eu\/comunicatistampa\/wp-json\/wp\/v2\/posts\/31930\/revisions\/31931"}],"wp:attachment":[{"href":"https:\/\/www.area-press.eu\/comunicatistampa\/wp-json\/wp\/v2\/media?parent=31930"}],"wp:term":[{"taxonomy":"category","embeddable":true,"href":"https:\/\/www.area-press.eu\/comunicatistampa\/wp-json\/wp\/v2\/categories?post=31930"},{"taxonomy":"post_tag","embeddable":true,"href":"https:\/\/www.area-press.eu\/comunicatistampa\/wp-json\/wp\/v2\/tags?post=31930"}],"curies":[{"name":"wp","href":"https:\/\/api.w.org\/{rel}","templated":true}]}}