{"id":31885,"date":"2018-05-23T10:19:51","date_gmt":"2018-05-23T08:19:51","guid":{"rendered":"http:\/\/www.area-press.eu\/comunicatistampa\/?p=31885"},"modified":"2018-05-23T10:19:51","modified_gmt":"2018-05-23T08:19:51","slug":"oltre-di-roberto-franzoni-lezzi-un-libro-intenso","status":"publish","type":"post","link":"https:\/\/www.area-press.eu\/comunicatistampa\/2018\/05\/23\/oltre-di-roberto-franzoni-lezzi-un-libro-intenso\/","title":{"rendered":"Oltre di Roberto Franzoni Lezzi: un libro intenso"},"content":{"rendered":"<p>Pubblicato nel 2018 dalla casa editrice Robin il libro Oltre di Roberto Franzoni Lezzi \u00e8 acquistabile su tutti i maggiori portali di vendita online di romanzi.<\/p>\n<p>Protagonisti di questa storia sono Anjeta e Paolo. Lei \u00e8 figlia della terribile guerra civile tra i croati e serbi, con un nonno comunista, lui seppur italiano \u00e8 segnato indelebilmente dalla stessa guerra avendoci partecipato come militare dei caschi blu.<\/p>\n<p>Ci\u00f2 che accomuna Anjeta e Paolo \u00e8 il dolore, l\u2019angoscia, la devastazione interiore a causa di quello che gli occhi hanno visto, le orecchie sentito, il cuore subito. La guerra con tutta la violenza che comporta, con tutte quelle vittime innocenti ha lasciato una ferita aperta in entrambi. Ma l\u2019incontro tra i due sar\u00e0 la luce in mezzo al buio della loro esistenza e diventer\u00e0 il motivo per capire che si pu\u00f2 superare tutto andando incontro a un futuro migliore.<\/p>\n<p>Oltre di Roberto Franzoni Lezzi \u00e8 un romanzo pieno di sentimenti, vero, forte, coinvolgente, in cui gi\u00e0 attraverso il titolo si comprende l\u2019importanza di andare al di l\u00e0 di tutto. Oltre: superare ci\u00f2 che \u00e8 di ostacolo, prendere a piene mani tutto quello che la vita dona, ma senza dover per forza subire, anzi lottando per raggiungere ci\u00f2 che si desidera.<\/p>\n<p>Per quanto i protagonisti del libro sia segnati dal dolore, dalla paura, dai ricordi tristi e devastanti conseguenza di una guerra violenta, c\u2019\u00e8 spazio per l\u2019amicizia, per l\u2019amore, per la gioia e la conquista.<\/p>\n<p>L\u2019Autore. Roberto Franzoni Lezzi.<br \/>\n&#8220;Veronese di origine, vive da pi\u00f9 di vent\u2019anni a Treviso dove lavora come medico psichiatra. L\u2019equilibrio fra gli elementi della coscienza senza tuttavia reprimerne la natura e l\u2019intensit\u00e0, \u00e8 il life motiv della sua narrazione e della sua ricerca immaginativa.&#8221;\u00a0<\/p>\n<p>Per maggiori informazioni guarda il sito dedicato al libro Oltre di Roberto Franzoni Lezzi<\/p>\n<p>https:\/\/sites.google.com\/view\/robertofranzonilezzi-scrittore\/home<\/p>\n","protected":false},"excerpt":{"rendered":"<p>Pubblicato nel 2018 dalla casa editrice Robin il libro Oltre di Roberto Franzoni Lezzi \u00e8 acquistabile su tutti i maggiori portali di vendita online di romanzi. Protagonisti di questa storia sono Anjeta e Paolo. Lei \u00e8 figlia della terribile guerra civile tra i croati e serbi, con un nonno comunista, lui seppur italiano \u00e8 segnato [&hellip;]<\/p>\n","protected":false},"author":4914,"featured_media":0,"comment_status":"open","ping_status":"open","sticky":false,"template":"","format":"standard","meta":{"footnotes":""},"categories":[3,29],"tags":[19968],"class_list":["post-31885","post","type-post","status-publish","format-standard","hentry","category-arte-e-cultura","category-comunicati","tag-roberto-franzoni-lezzi"],"_links":{"self":[{"href":"https:\/\/www.area-press.eu\/comunicatistampa\/wp-json\/wp\/v2\/posts\/31885","targetHints":{"allow":["GET"]}}],"collection":[{"href":"https:\/\/www.area-press.eu\/comunicatistampa\/wp-json\/wp\/v2\/posts"}],"about":[{"href":"https:\/\/www.area-press.eu\/comunicatistampa\/wp-json\/wp\/v2\/types\/post"}],"author":[{"embeddable":true,"href":"https:\/\/www.area-press.eu\/comunicatistampa\/wp-json\/wp\/v2\/users\/4914"}],"replies":[{"embeddable":true,"href":"https:\/\/www.area-press.eu\/comunicatistampa\/wp-json\/wp\/v2\/comments?post=31885"}],"version-history":[{"count":1,"href":"https:\/\/www.area-press.eu\/comunicatistampa\/wp-json\/wp\/v2\/posts\/31885\/revisions"}],"predecessor-version":[{"id":31888,"href":"https:\/\/www.area-press.eu\/comunicatistampa\/wp-json\/wp\/v2\/posts\/31885\/revisions\/31888"}],"wp:attachment":[{"href":"https:\/\/www.area-press.eu\/comunicatistampa\/wp-json\/wp\/v2\/media?parent=31885"}],"wp:term":[{"taxonomy":"category","embeddable":true,"href":"https:\/\/www.area-press.eu\/comunicatistampa\/wp-json\/wp\/v2\/categories?post=31885"},{"taxonomy":"post_tag","embeddable":true,"href":"https:\/\/www.area-press.eu\/comunicatistampa\/wp-json\/wp\/v2\/tags?post=31885"}],"curies":[{"name":"wp","href":"https:\/\/api.w.org\/{rel}","templated":true}]}}