{"id":31883,"date":"2018-05-23T10:19:51","date_gmt":"2018-05-23T08:19:51","guid":{"rendered":"http:\/\/www.area-press.eu\/comunicatistampa\/?p=31883"},"modified":"2018-05-23T10:19:51","modified_gmt":"2018-05-23T08:19:51","slug":"the-black-star-pirati-e-schiavi-raccontati-da-daniele-cardetta","status":"publish","type":"post","link":"https:\/\/www.area-press.eu\/comunicatistampa\/2018\/05\/23\/the-black-star-pirati-e-schiavi-raccontati-da-daniele-cardetta\/","title":{"rendered":"The Black Star: pirati e schiavi raccontati da Daniele Cardetta"},"content":{"rendered":"<p>Il romanzo The Black Star di Daniele Cardetta, ricco di avventure, incontri e battaglie al fianco dei pirati \u00e8 ambientato durante la guerra anglo-spagnola.<\/p>\n<p>Il libro, pubblicato nel 2018, \u00e8 acquistabile sul sito dell\u2019editore Meligrana Giuseppe Editore e sugli store online pi\u00f9 importanti.<\/p>\n<p>L\u2019interessante romanzo di Daniele Cardetta ha un tema centrale molto importante che riguarda gli schiavi, persone scappate dalle loro terre natie, strappate dai loro affetti e dai loro legami per essere trasportate altrove e utilizzate per lavorare senza tregua e senza alcun rispetto.<\/p>\n<p>Lo scrittore nel libro The Black Star fa parlare le voci dei protagonisti che raccontano il dolore, il tormento e la fatica a cui sono costretti. Proprio attraverso le loro storie il lettore sar\u00e0 in grado di capire a fondo quello che hanno vissuto i protagonisti provando una forte empatia nei loro confronti.<\/p>\n<p>Un\u2019avventura piena di sorprese, su una nave con i pirati a solcare mari alla ricerca di vendetta e di giustizia.<\/p>\n<p>Battaglie, sentimenti, evoluzioni, il significato del legame con le proprie origini e la propria terra fanno di The Black Star un libro ricco di sfumature e pieno di sentimenti.<\/p>\n<p>Sinossi del libro<\/p>\n<p>The black star \u00e8 una narrazione a pi\u00f9 voci ambientata durante la guerra anglo-spagnola della prima met\u00e0 del Settecento. Personaggi diversi, pirati e gentiluomini, schiavi e nobili sono protagonisti di una grande avventura che si dipana tra le due sponde dell&#8217;Atlantico. Le pagine del romanzo sono luoghi di incontro, come tavolini di locande fumose in cui ogni personaggio racconta la propria vita e il proprio punto di vista, e dove vittime e carnefici possono finalmente pareggiare i conti. Il romanzo affonda l&#8217;ancora in un momento buio della Storia, nei drammi individuali di schiavi sradicati e strappati alle loro case, in antichi rancori che si mischiano con la quotidiana sofferenza di uomini fatti merce, restituendo un quadro di cupa disperazione. L&#8217;angoscia e l&#8217;oscurit\u00e0 si intrecciano con la luce e le speranze del giovane Juan che, rimasto senza famiglia, accetta di aggregarsi a un gruppo di pirati e inseguire un sogno pi\u00f9 grande: la vendetta di Lind, il suo capitano, una missione di giustizia, guidata da alti ideali e profondo risentimento.<\/p>\n","protected":false},"excerpt":{"rendered":"<p>Il romanzo The Black Star di Daniele Cardetta, ricco di avventure, incontri e battaglie al fianco dei pirati \u00e8 ambientato durante la guerra anglo-spagnola. Il libro, pubblicato nel 2018, \u00e8 acquistabile sul sito dell\u2019editore Meligrana Giuseppe Editore e sugli store online pi\u00f9 importanti. L\u2019interessante romanzo di Daniele Cardetta ha un tema centrale molto importante che [&hellip;]<\/p>\n","protected":false},"author":4914,"featured_media":0,"comment_status":"open","ping_status":"open","sticky":false,"template":"","format":"standard","meta":{"footnotes":""},"categories":[3,29],"tags":[19967],"class_list":["post-31883","post","type-post","status-publish","format-standard","hentry","category-arte-e-cultura","category-comunicati","tag-daniele-cardetta"],"_links":{"self":[{"href":"https:\/\/www.area-press.eu\/comunicatistampa\/wp-json\/wp\/v2\/posts\/31883","targetHints":{"allow":["GET"]}}],"collection":[{"href":"https:\/\/www.area-press.eu\/comunicatistampa\/wp-json\/wp\/v2\/posts"}],"about":[{"href":"https:\/\/www.area-press.eu\/comunicatistampa\/wp-json\/wp\/v2\/types\/post"}],"author":[{"embeddable":true,"href":"https:\/\/www.area-press.eu\/comunicatistampa\/wp-json\/wp\/v2\/users\/4914"}],"replies":[{"embeddable":true,"href":"https:\/\/www.area-press.eu\/comunicatistampa\/wp-json\/wp\/v2\/comments?post=31883"}],"version-history":[{"count":1,"href":"https:\/\/www.area-press.eu\/comunicatistampa\/wp-json\/wp\/v2\/posts\/31883\/revisions"}],"predecessor-version":[{"id":31884,"href":"https:\/\/www.area-press.eu\/comunicatistampa\/wp-json\/wp\/v2\/posts\/31883\/revisions\/31884"}],"wp:attachment":[{"href":"https:\/\/www.area-press.eu\/comunicatistampa\/wp-json\/wp\/v2\/media?parent=31883"}],"wp:term":[{"taxonomy":"category","embeddable":true,"href":"https:\/\/www.area-press.eu\/comunicatistampa\/wp-json\/wp\/v2\/categories?post=31883"},{"taxonomy":"post_tag","embeddable":true,"href":"https:\/\/www.area-press.eu\/comunicatistampa\/wp-json\/wp\/v2\/tags?post=31883"}],"curies":[{"name":"wp","href":"https:\/\/api.w.org\/{rel}","templated":true}]}}