{"id":31869,"date":"2018-05-23T10:14:49","date_gmt":"2018-05-23T08:14:49","guid":{"rendered":"http:\/\/www.area-press.eu\/comunicatistampa\/?p=31869"},"modified":"2018-05-23T10:14:49","modified_gmt":"2018-05-23T08:14:49","slug":"terra-2486-intervista-allautore-andrea-bindella","status":"publish","type":"post","link":"https:\/\/www.area-press.eu\/comunicatistampa\/2018\/05\/23\/terra-2486-intervista-allautore-andrea-bindella\/","title":{"rendered":"\u201cTerra 2486\u201d: intervista all\u2019autore Andrea Bindella"},"content":{"rendered":"<h3 style=\"text-align: center\"><em>\u00c8 stato pubblicato \u201cTerra 2486\u201d, il nuovo romanzo di Andrea Bindella.<\/em><\/h3>\n<h3 style=\"text-align: center\"><em>Sole e Luna Blog ha intervistato l\u2019autore che, dopo il successo di \u201cUn nuovo nemico\u201d, torna con un nuovo romanzo ricco di colpi di scena.<\/em><\/h3>\n<p>&nbsp;<\/p>\n<p><img loading=\"lazy\" decoding=\"async\" class=\"alignleft\" title=\"andrea bindella terra 2486 sole e luna blog fantascienza salone libro\" src=\"https:\/\/andreabindella.files.wordpress.com\/2018\/05\/andrea-bindella-salone-del-libro-torino-2018-terra-2486.jpg\" alt=\"andrea bindella terra 2486 sole e luna blog fantascienza salone libro\" width=\"381\" height=\"286\" \/><\/p>\n<p><strong>Perugia, 22\/05\/2018.<\/strong><\/p>\n<p>Oggi al Sole e Luna Blog siamo in compagnia di Andrea Bindella. Grazie per essere <a href=\"http:\/\/soleeluna.altervista.org\/intervista-andrea-bindella\/\">con noi<\/a> e per averci dedicato il tuo tempo.<\/p>\n<p>Passiamo subito alle domande:<\/p>\n<p>&nbsp;<\/p>\n<p><strong>Raccontaci in breve delle tue pubblicazioni.<\/strong><\/p>\n<p>\u201cIl <a href=\"https:\/\/andreabindella.com\/romanzi\/un-nuovo-nemico\/\">primo romanzo<\/a> che ho pubblicato nell\u2019<a href=\"https:\/\/www.area-press.eu\/comunicatistampa\/2017\/10\/24\/andrea-bindella-ha-pubblicato-il-suo-primo-romanzo\/\" target=\"_blank\" rel=\"noopener\">estate 2017<\/a> si intitola <strong>\u201cUn nuovo nemico\u201d<\/strong>, un thriller\/fantasy ambientato a Perugia, la citt\u00e0 in cui Richard e la sua squadra si ritrovano a indagare su delle strane morti avvenute nella piccola provincia umbra.<\/p>\n<p><strong>\u201cTerra 2486\u201d<\/strong>, il secondo romanzo pubblicato nel 2017, ho invece iniziato a scriverlo all\u2019et\u00e0 di quattordici anni. \u00c8 un romanzo di fantascienza ed \u00e8 il primo di una trilogia. \u00c8 difficile raccontarlo senza svelare parti della trama pi\u00f9 o meno importanti, perch\u00e9 sin dalla prima pagina si affacciano nella storia dei &#8220;misteri&#8221; che portano il lettore a cercare le risposte nelle pagine successive. Alcuni nodi della trama verranno poi spiegati meglio negli altri volumi.<\/p>\n<p>In \u201cTerra 2486\u201d c\u2019\u00e8 anche lo zampino dei miei lettori: ho creato, infatti, un gruppo di lavoro nel quale siamo riusciti, insieme, a fare delle scelte che credo siano state la \u201cchiave di volta\u201d che ha portato questo romanzo in vetta alle classifiche Amazon sin da subito. Con loro ho scelto il titolo, la copertina, la quarta di copertina e altre cose.<\/p>\n<p>\u00c8 stato molto divertente.\u201d<\/p>\n<p>&nbsp;<\/p>\n<p><strong>Con quale aggettivo definiresti Terra 2486?<\/strong><\/p>\n<p>Speciale. Il romanzo racchiude in s\u00e9 tante sfumature: mistero, suspense, ironia, romanticismo, amore\u2026 Rileggendo i miei romanzi a distanza di tempo, mi chiedo ogni volta se li abbia davvero scritti io. Ci sono dei risvolti talmente inaspettati, nella trama, che mi lasciano stupito ogni volta.<\/p>\n<p>&nbsp;<\/p>\n<p><strong><em>Continua a leggere l\u2019intervista su Sole e Luna Blog!<\/em><\/strong><\/p>\n<p><strong>\u00a0<\/strong><\/p>\n<p><strong>Link per info e approfondimenti:<\/strong><\/p>\n<blockquote class=\"wp-embedded-content\" data-secret=\"OHur4TaoQ2\"><p><a href=\"https:\/\/www.andreabindella.com\/news\/\">News<\/a><\/p><\/blockquote>\n<p><iframe loading=\"lazy\" class=\"wp-embedded-content\" sandbox=\"allow-scripts\" security=\"restricted\" style=\"position: absolute; visibility: hidden;\" title=\"&#8220;News&#8221; &#8212; Andrea Bindella\" src=\"https:\/\/www.andreabindella.com\/news\/embed\/#?secret=b8nRK0eooZ#?secret=OHur4TaoQ2\" data-secret=\"OHur4TaoQ2\" width=\"500\" height=\"282\" frameborder=\"0\" marginwidth=\"0\" marginheight=\"0\" scrolling=\"no\"><\/iframe><\/p>\n<p>https:\/\/www.facebook.com\/andreabindellapg<\/p>\n","protected":false},"excerpt":{"rendered":"<p>\u00c8 stato pubblicato \u201cTerra 2486\u201d, il nuovo romanzo di Andrea Bindella. Sole e Luna Blog ha intervistato l\u2019autore che, dopo il successo di \u201cUn nuovo nemico\u201d, torna con un nuovo romanzo ricco di colpi di scena. \u00abIn \u201cTerra 2486\u201d c\u2019\u00e8 anche lo zampino dei miei lettori: ho creato, infatti, un gruppo di lavoro nel quale siamo riusciti, insieme, a fare delle scelte che credo siano state la \u201cchiave di volta\u201d che ha portato questo romanzo in vetta alle classifiche Amazon sin da subito\u00bb.<\/p>\n","protected":false},"author":4774,"featured_media":0,"comment_status":"open","ping_status":"open","sticky":false,"template":"","format":"standard","meta":{"footnotes":""},"categories":[3,29],"tags":[19964,1391,19966,19963,19965],"class_list":["post-31869","post","type-post","status-publish","format-standard","hentry","category-arte-e-cultura","category-comunicati","tag-andreabindella","tag-fantascienza","tag-salonedellibro","tag-soleelunablog","tag-terra2486"],"_links":{"self":[{"href":"https:\/\/www.area-press.eu\/comunicatistampa\/wp-json\/wp\/v2\/posts\/31869","targetHints":{"allow":["GET"]}}],"collection":[{"href":"https:\/\/www.area-press.eu\/comunicatistampa\/wp-json\/wp\/v2\/posts"}],"about":[{"href":"https:\/\/www.area-press.eu\/comunicatistampa\/wp-json\/wp\/v2\/types\/post"}],"author":[{"embeddable":true,"href":"https:\/\/www.area-press.eu\/comunicatistampa\/wp-json\/wp\/v2\/users\/4774"}],"replies":[{"embeddable":true,"href":"https:\/\/www.area-press.eu\/comunicatistampa\/wp-json\/wp\/v2\/comments?post=31869"}],"version-history":[{"count":2,"href":"https:\/\/www.area-press.eu\/comunicatistampa\/wp-json\/wp\/v2\/posts\/31869\/revisions"}],"predecessor-version":[{"id":31872,"href":"https:\/\/www.area-press.eu\/comunicatistampa\/wp-json\/wp\/v2\/posts\/31869\/revisions\/31872"}],"wp:attachment":[{"href":"https:\/\/www.area-press.eu\/comunicatistampa\/wp-json\/wp\/v2\/media?parent=31869"}],"wp:term":[{"taxonomy":"category","embeddable":true,"href":"https:\/\/www.area-press.eu\/comunicatistampa\/wp-json\/wp\/v2\/categories?post=31869"},{"taxonomy":"post_tag","embeddable":true,"href":"https:\/\/www.area-press.eu\/comunicatistampa\/wp-json\/wp\/v2\/tags?post=31869"}],"curies":[{"name":"wp","href":"https:\/\/api.w.org\/{rel}","templated":true}]}}