{"id":31602,"date":"2018-05-17T14:13:58","date_gmt":"2018-05-17T12:13:58","guid":{"rendered":"http:\/\/www.area-press.eu\/comunicatistampa\/?p=31602"},"modified":"2018-05-17T14:13:58","modified_gmt":"2018-05-17T12:13:58","slug":"grazie-san-siro","status":"publish","type":"post","link":"https:\/\/www.area-press.eu\/comunicatistampa\/2018\/05\/17\/grazie-san-siro\/","title":{"rendered":"GRAZIE SAN SIRO!"},"content":{"rendered":"<h3><a href=\"http:\/\/www.articlemarketingitaliano.it\/wp-content\/uploads\/2018\/05\/LOCANDINA_BURGARETTA2018-min.jpg\"><img loading=\"lazy\" decoding=\"async\" class=\"size-medium wp-image-84835 aligncenter\" src=\"http:\/\/www.articlemarketingitaliano.it\/wp-content\/uploads\/2018\/05\/LOCANDINA_BURGARETTA2018-min-212x300.jpg\" alt=\"\" width=\"212\" height=\"300\" \/><\/a><\/h3>\n<p><!--more--><\/p>\n<p>Milano, 15 maggio 2018 \u2013 alle ore 10:30 presso la Sala Interviste dello Stadio San Siro Meazza si \u00e8 tenuta la conferenza stampa per la presentazione del <strong><em>19\u00b0 Trofeo San Siro 2000, Memorial Lino Burgaretta<\/em><\/strong>, intitolato alla memoria del dirigente rossonero scomparso nel 2006.<\/p>\n<p>Il Trofeo, manifestazione benefica nata sulla base di un quadrangolare di calcio a 11 e trasformatosi nel corso degli anni in un evento sempre pi\u00f9 importante richiamando le principali squadre amatoriali milanesi e le migliori societ\u00e0 di calcio giovanile, si svolger\u00e0 il prossimo <strong>5 giugno 2018 <\/strong>allo Stadio Meazza in Milano.<\/p>\n<p>Oltre ad essere un&#8217;occasione straordinaria di aggregazione, il torneo ha ancora una volta l&#8217;obiettivo di raccogliere fondi per sostenere attivit\u00e0 di volontariato.<\/p>\n<p>Diverse le associazioni a cui sar\u00e0 destinato il ricavato dell\u2019evento. Fra queste, anche per quest\u2019anno, figura la nostra Associazione, che rinnova i ringraziamenti agli organizzatori per l\u2019immancabile sostegno.<\/p>\n<p><a href=\"http:\/\/www.articlemarketingitaliano.it\/wp-content\/uploads\/2018\/05\/8bbc9a06-d7a8-489d-be7d-f9e0f1b2a2a2.jpg\"><img loading=\"lazy\" decoding=\"async\" class=\"alignnone size-medium wp-image-84844\" src=\"http:\/\/www.articlemarketingitaliano.it\/wp-content\/uploads\/2018\/05\/8bbc9a06-d7a8-489d-be7d-f9e0f1b2a2a2-300x298.jpg\" alt=\"\" width=\"300\" height=\"298\" \/><\/a><\/p>\n<p><strong><em>Associazione per i Diritti Umani e la Tolleranza Onlus<\/em><\/strong><\/p>\n<p><strong>\u00a0<\/strong><\/p>\n<p><strong>Contatto<\/strong><\/p>\n<p>Daniela Fava &#8211; Ufficio Stampa<br \/>\n<strong><em>Associazione per i Diritti Umani e la Tolleranza Onlus<\/em><\/strong><br \/>\nItalia<br \/>\npress@kosmospr.com<\/p>\n<p><strong>Ufficio Stampa<\/strong><\/p>\n<p>Daniela Fava<br \/>\n<strong><em><a href=\"https:\/\/www.informazione.it\/comunicati-stampa\/a\/AD94D15C-8D93-41D6-9B0E-12F586EF4E4C\/Associazione-Diritti-Umani-e-Tolleranza-Onlus\">Associazione Diritti Umani e Tolleranza Onlus <\/a><\/em><\/strong><br \/>\nVia Pavoni 10<br \/>\n20900 Monza<br \/>\ndiritti@dirittiumanietolleranza.org<br \/>\nTel: +39 349 4515822<\/p>\n","protected":false},"excerpt":{"rendered":"","protected":false},"author":5203,"featured_media":0,"comment_status":"open","ping_status":"open","sticky":false,"template":"","format":"standard","meta":{"footnotes":""},"categories":[29],"tags":[8978],"class_list":["post-31602","post","type-post","status-publish","format-standard","hentry","category-comunicati","tag-diritti-umani"],"_links":{"self":[{"href":"https:\/\/www.area-press.eu\/comunicatistampa\/wp-json\/wp\/v2\/posts\/31602","targetHints":{"allow":["GET"]}}],"collection":[{"href":"https:\/\/www.area-press.eu\/comunicatistampa\/wp-json\/wp\/v2\/posts"}],"about":[{"href":"https:\/\/www.area-press.eu\/comunicatistampa\/wp-json\/wp\/v2\/types\/post"}],"author":[{"embeddable":true,"href":"https:\/\/www.area-press.eu\/comunicatistampa\/wp-json\/wp\/v2\/users\/5203"}],"replies":[{"embeddable":true,"href":"https:\/\/www.area-press.eu\/comunicatistampa\/wp-json\/wp\/v2\/comments?post=31602"}],"version-history":[{"count":1,"href":"https:\/\/www.area-press.eu\/comunicatistampa\/wp-json\/wp\/v2\/posts\/31602\/revisions"}],"predecessor-version":[{"id":31603,"href":"https:\/\/www.area-press.eu\/comunicatistampa\/wp-json\/wp\/v2\/posts\/31602\/revisions\/31603"}],"wp:attachment":[{"href":"https:\/\/www.area-press.eu\/comunicatistampa\/wp-json\/wp\/v2\/media?parent=31602"}],"wp:term":[{"taxonomy":"category","embeddable":true,"href":"https:\/\/www.area-press.eu\/comunicatistampa\/wp-json\/wp\/v2\/categories?post=31602"},{"taxonomy":"post_tag","embeddable":true,"href":"https:\/\/www.area-press.eu\/comunicatistampa\/wp-json\/wp\/v2\/tags?post=31602"}],"curies":[{"name":"wp","href":"https:\/\/api.w.org\/{rel}","templated":true}]}}