{"id":31584,"date":"2018-05-17T03:12:13","date_gmt":"2018-05-17T01:12:13","guid":{"rendered":"http:\/\/www.area-press.eu\/comunicatistampa\/?p=31584"},"modified":"2018-05-17T03:12:13","modified_gmt":"2018-05-17T01:12:13","slug":"comunicazione-profilo-di-auro-palomba-professionista-del-settore","status":"publish","type":"post","link":"https:\/\/www.area-press.eu\/comunicatistampa\/2018\/05\/17\/comunicazione-profilo-di-auro-palomba-professionista-del-settore\/","title":{"rendered":"Comunicazione: profilo di Auro Palomba, professionista del settore"},"content":{"rendered":"<p><em><strong>Fondatore e Presidente di Community Group, <a title=\"Auro Palomba, executive manager\" href=\"http:\/\/www.executivemanager.it\/Auro-Palomba\/\">Auro Palomba<\/a> \u00e8 protagonista di una importante carriera che lo ha portato a occuparsi di comunicazione a 360 gradi. <\/strong><\/em><\/p>\n<p><a title=\"Auro Palomba, profilo professionale\" href=\"http:\/\/www.executivemanager.it\/Auro-Palomba\/\"><img loading=\"lazy\" decoding=\"async\" src=\"http:\/\/www.executivemanager.it\/images\/comprofiler\/0_5a7085d371faa.jpg\" alt=\"Auro Palomba\" width=\"380\" height=\"206\" \/><\/a><\/p>\n<h2>Community Group: il Presidente Auro Palomba ripercorre la propria carriera<\/h2>\n<p>Tra gli advisor pi\u00f9 autorevoli e competenti in materia di reputation management, <strong>Auro Palomba<\/strong> \u00e8 Fondatore e Presidente di Community Group, una delle realt\u00e0 pi\u00f9 conosciute nel settore. &#8220;Con Community analizziamo le necessit\u00e0 delle aziende, cerchiamo di capire quali dati e informazioni possono avere appeal per i media e l&#8217;opinione pubblica&#8221; spiegava il manager nel 2012 in un&#8217;intervista a 7 Gold in cui ripercorreva la propria carriera. Gli inizi come giornalista economico in testate di rilievo nazionale, la scelta di &#8220;passare dall&#8217;altra parte della barricata&#8221; e mettersi alla prova come direttore della comunicazione presso importanti aziende e istituzioni finanziarie fino alla nascita di Community nel 2001. Per il Presidente del gruppo leader nel reputation management supportare grandi gruppi industriali e finanziari nel costruire, gestire e tutelare la loro reputazione significa comunicarne la storia, le tradizioni, i valori. &#8220;Ne abbiamo tante in Italia che nessuno conosce&#8221; rilevava nell&#8217;intervista <strong>Auro Palomba<\/strong> aggiungendo che il talento del bravo advisor sta proprio &#8220;nell&#8217;individuare il vestito pi\u00f9 adatto per la comunicazione dell&#8217;azienda che dobbiamo assistere&#8221;.<\/p>\n<h2>Auro Palomba: crescita e traguardi di Community Group<\/h2>\n<p>Fondata da <strong><a title=\"Auro Palomba\" href=\"http:\/\/www.executivemanager.it\/Auro-Palomba\/\">Auro Palomba<\/a><\/strong> nel 2001, Community \u00e8 cresciuta nel tempo espandendo le proprie attivit\u00e0 in diversi ambiti della comunicazione. Oggi si configura come gruppo multidisciplinare con sedi a Milano, Treviso e Roma. Nel 2016 il team di Community \u00e8 stato premiato nell&#8217;ambito dei Financecommunity Awards in quanto &#8220;tra i pi\u00f9 grandi e attivi del mercato, con validi professionisti che seguono societ\u00e0 di rilievo sia nel mondo della finanza che in altri settori&#8221;. Lo stesso riconoscimento l&#8217;anno successivo \u00e8 stato vinto da Auro Palomba, miglior advisor nella categoria &#8220;Financial PR&#8221;. Di s\u00e9 dice che, nel corso della sua carriera, ha avuto la fortuna di &#8220;iniziare come giornalista con Indro Montanelli, lavorare come comunicatore con Maurizio Costanzo e diventare imprenditore con Alessandro Benetton&#8221;. <strong>Auro Palomba<\/strong> ha maturato diverse esperienze anche come conduttore di trasmissioni e talk show televisivi a tema economico e finanziario, trasmesse da Class CNBC, Canale Italia e Telelombardia. Oltre a insegnare comunicazione presso la Facolt\u00e0 di Scienze della Formazione dell&#8217;Universit\u00e0 di Padova, opera nel CdA di Save the Children Italia ed \u00e8 Componente della Consulta degli Esperti della Presidenza della Commissione Finanze della Camera.<\/p>\n","protected":false},"excerpt":{"rendered":"<p>Fondatore e Presidente di Community Group, Auro Palomba \u00e8 protagonista di una importante carriera che lo ha portato a occuparsi di comunicazione a 360 gradi. Community Group: il Presidente Auro Palomba ripercorre la propria carriera Tra gli advisor pi\u00f9 autorevoli e competenti in materia di reputation management, Auro Palomba \u00e8 Fondatore e Presidente di Community [&hellip;]<\/p>\n","protected":false},"author":5154,"featured_media":0,"comment_status":"open","ping_status":"open","sticky":false,"template":"","format":"standard","meta":{"footnotes":""},"categories":[5],"tags":[19287],"class_list":["post-31584","post","type-post","status-publish","format-standard","hentry","category-aziendali","tag-auro-palomba"],"_links":{"self":[{"href":"https:\/\/www.area-press.eu\/comunicatistampa\/wp-json\/wp\/v2\/posts\/31584","targetHints":{"allow":["GET"]}}],"collection":[{"href":"https:\/\/www.area-press.eu\/comunicatistampa\/wp-json\/wp\/v2\/posts"}],"about":[{"href":"https:\/\/www.area-press.eu\/comunicatistampa\/wp-json\/wp\/v2\/types\/post"}],"author":[{"embeddable":true,"href":"https:\/\/www.area-press.eu\/comunicatistampa\/wp-json\/wp\/v2\/users\/5154"}],"replies":[{"embeddable":true,"href":"https:\/\/www.area-press.eu\/comunicatistampa\/wp-json\/wp\/v2\/comments?post=31584"}],"version-history":[{"count":1,"href":"https:\/\/www.area-press.eu\/comunicatistampa\/wp-json\/wp\/v2\/posts\/31584\/revisions"}],"predecessor-version":[{"id":31588,"href":"https:\/\/www.area-press.eu\/comunicatistampa\/wp-json\/wp\/v2\/posts\/31584\/revisions\/31588"}],"wp:attachment":[{"href":"https:\/\/www.area-press.eu\/comunicatistampa\/wp-json\/wp\/v2\/media?parent=31584"}],"wp:term":[{"taxonomy":"category","embeddable":true,"href":"https:\/\/www.area-press.eu\/comunicatistampa\/wp-json\/wp\/v2\/categories?post=31584"},{"taxonomy":"post_tag","embeddable":true,"href":"https:\/\/www.area-press.eu\/comunicatistampa\/wp-json\/wp\/v2\/tags?post=31584"}],"curies":[{"name":"wp","href":"https:\/\/api.w.org\/{rel}","templated":true}]}}