{"id":31528,"date":"2018-05-15T23:42:10","date_gmt":"2018-05-15T21:42:10","guid":{"rendered":"http:\/\/www.area-press.eu\/comunicatistampa\/?p=31528"},"modified":"2018-05-15T23:42:10","modified_gmt":"2018-05-15T21:42:10","slug":"cyber-defence-di-scena-la-locked-shields-2018-il-resoconto-di-eset","status":"publish","type":"post","link":"https:\/\/www.area-press.eu\/comunicatistampa\/2018\/05\/15\/cyber-defence-di-scena-la-locked-shields-2018-il-resoconto-di-eset\/","title":{"rendered":"Cyber Defence: di scena la Locked Shields 2018 \u2013 il resoconto di ESET"},"content":{"rendered":"<p>30 le <strong>Nazioni<\/strong> partecipanti, oltre 1.000 gli esperti coinvolti e pi\u00f9 di 2.500 gli <strong>attacchi virtuali<\/strong>. Questi i numeri della pi\u00f9 estesa ed avanzata <strong>esercitazione mondiale<\/strong> contro gli attacchi informatici tenutasi a Tallin, in Estonia.<\/p>\n<p>Lo scopo \u00e8 quello di allenare gli esperti della <strong>sicurezza informatica<\/strong> dei vari paesi a contrastare eventuali attacchi alle reti informatiche di una <strong>base militare,<\/strong> che potrebbero colpire qualsiasi ambito, dagli aeromobili pilotati da remoto, al sistema elettrico, fino al servizio di comando e controllo della struttura.<\/p>\n<p>Il nostro paese ha aderito inviando un team di esperti delle <strong>forze armate<\/strong> che ha potuto collaborare con i gruppi degli altri paesi provenienti da diversi settori come <strong>istruzione<\/strong>, <strong>industria<\/strong> e <strong>ricerca<\/strong> i quali, nell\u2019eventualit\u00e0 di un attacco, sarebbero chiamati a intervenire.<\/p>\n<p>La <strong>tecnologia<\/strong> \u00e8 in costante evoluzione e questo oltre a rendere il mondo sempre pi\u00f9 interconnesso, lo rende anche pi\u00f9 vulnerabile alle minacce informatiche che sfruttano ogni falla possibile nei <strong>software<\/strong>, ad ogni livello.<\/p>\n<p>Il settore che sfrutta maggiormente le tecnologie pi\u00f9 avanzate \u00e8 quello della <strong>Difesa<\/strong> e la impiega in circa il 60% delle proprie attivit\u00e0, ci\u00f2 rende necessario adottare delle contromisure all\u2019altezza delle nuove <strong>minacce<\/strong> informatiche e proprio per questo in Italia \u00e8 stato istituito il Comando Interforze per le Operazioni Cibernetiche (<strong>CIOC<\/strong>), volto alla protezione delle infrastrutture e in linea con gli obiettivi definiti sia in <strong>ambito europeo<\/strong> che <strong>NATO<\/strong>. Il CIOC \u00e8 gi\u00e0 operativo e raggiunger\u00e0 la sua piena attivit\u00e0 nel <strong>2019<\/strong>.<\/p>\n","protected":false},"excerpt":{"rendered":"<p>30 le Nazioni partecipanti, oltre 1.000 gli esperti coinvolti e pi\u00f9 di 2.500 gli attacchi virtuali. Questi i numeri della pi\u00f9 estesa ed avanzata esercitazione mondiale contro gli attacchi informatici tenutasi a Tallin, in Estonia. Lo scopo \u00e8 quello di allenare gli esperti della sicurezza informatica dei vari paesi a contrastare eventuali attacchi alle reti [&hellip;]<\/p>\n","protected":false},"author":4630,"featured_media":0,"comment_status":"open","ping_status":"open","sticky":false,"template":"","format":"standard","meta":{"footnotes":""},"categories":[29],"tags":[19708],"class_list":["post-31528","post","type-post","status-publish","format-standard","hentry","category-comunicati","tag-eset"],"_links":{"self":[{"href":"https:\/\/www.area-press.eu\/comunicatistampa\/wp-json\/wp\/v2\/posts\/31528","targetHints":{"allow":["GET"]}}],"collection":[{"href":"https:\/\/www.area-press.eu\/comunicatistampa\/wp-json\/wp\/v2\/posts"}],"about":[{"href":"https:\/\/www.area-press.eu\/comunicatistampa\/wp-json\/wp\/v2\/types\/post"}],"author":[{"embeddable":true,"href":"https:\/\/www.area-press.eu\/comunicatistampa\/wp-json\/wp\/v2\/users\/4630"}],"replies":[{"embeddable":true,"href":"https:\/\/www.area-press.eu\/comunicatistampa\/wp-json\/wp\/v2\/comments?post=31528"}],"version-history":[{"count":1,"href":"https:\/\/www.area-press.eu\/comunicatistampa\/wp-json\/wp\/v2\/posts\/31528\/revisions"}],"predecessor-version":[{"id":31529,"href":"https:\/\/www.area-press.eu\/comunicatistampa\/wp-json\/wp\/v2\/posts\/31528\/revisions\/31529"}],"wp:attachment":[{"href":"https:\/\/www.area-press.eu\/comunicatistampa\/wp-json\/wp\/v2\/media?parent=31528"}],"wp:term":[{"taxonomy":"category","embeddable":true,"href":"https:\/\/www.area-press.eu\/comunicatistampa\/wp-json\/wp\/v2\/categories?post=31528"},{"taxonomy":"post_tag","embeddable":true,"href":"https:\/\/www.area-press.eu\/comunicatistampa\/wp-json\/wp\/v2\/tags?post=31528"}],"curies":[{"name":"wp","href":"https:\/\/api.w.org\/{rel}","templated":true}]}}