{"id":31140,"date":"2018-05-04T16:57:36","date_gmt":"2018-05-04T14:57:36","guid":{"rendered":"http:\/\/www.area-press.eu\/comunicatistampa\/?p=31140"},"modified":"2018-05-04T16:57:36","modified_gmt":"2018-05-04T14:57:36","slug":"9-maggio-2018-montecitorio-roma-flashmob-in-piazza-per-la-controfesta-delleuropa","status":"publish","type":"post","link":"https:\/\/www.area-press.eu\/comunicatistampa\/2018\/05\/04\/9-maggio-2018-montecitorio-roma-flashmob-in-piazza-per-la-controfesta-delleuropa\/","title":{"rendered":"9 Maggio 2018 \u2013 Montecitorio, Roma: Flashmob in piazza per la ControFesta dell\u2019Europa."},"content":{"rendered":"<p style=\"text-align: center\"><em>La Giovent\u00f9 Federalista Europea invoca un\u2019Europa dei cittadini europei, federale e democratica e mette in guardia sul destino dell\u2019Unione Europea, celebrando il funerale dell\u2019Europa di Ventotene immaginata dai Padri Fondatori, vittima degli egoismi scellerati dei capi di stato e di governo.<\/em><\/p>\n<p>&nbsp;<\/p>\n<p>\u201cIl 9 maggio si\u00a0dovrebbe\u00a0celebrare la Festa dell&#8217;Europa. Noi ci chiediamo, oggi,\u00a0cosa ci sia rimasto da festeggiare. Dopo anni di crisi, i cittadini sono stanchi e ormai privi di fiducia nei confronti di istituzioni percepite come distanti, mentre problemi e fenomeni di portata continentale e globale continuano ad incidere sul nostro\u00a0presente\u00a0e sul nostro\u00a0futuro.\u201d<\/p>\n<p>Si apre cos\u00ec l\u2019appello promosso dalla Giovent\u00f9 Federalista Europea e firmato da numerose associazioni tra le quali: Radicali Italiani, CIME, Istituto Paride Baccarini , My Country Europe, Giovani Democratici, Alternativa Europea, Bar Europa, Osservatorio sulle Strategie Europee per la Crescita e l&#8217;Occupazione (OSECO), Costituzionalmente: il coraggio di pensare con la nostra testa, ISSUE- Iniziativa Studentesca per gli stati Uniti d\u2019Europa, Comitato Ventotene, Cento giovani, ,Unione degli Universitari (UDU), Filo Rosso, La nuova Europa, Forum dei Giovani Avellino, Federazione degli Studenti (FDS), Casa internazionale delle donne, Europa in Movimento, Rete degli Studenti medi, Students of the United States of Europe, TorPi\u00f9Bella.<\/p>\n<p>Come ogni anno, il 9 maggio viene celebrata la &#8220;Festa dell&#8217;Europa&#8221;, tuttavia la GFE ritiene che, alla luce dello stato di salute della democrazia in Europa, ci sia ormai poco da festeggiare. L&#8217;Unione europea \u00e8 infatti strutturalmente ostaggio degli egoismi nazionali e dei\u00a0diritti di veto dei singoli stati: non \u00e8 in grado di affrontare le innumerevoli crisi e sfide che coinvolgono le vite dei cittadini europei, n\u00e9 riesce ad essere portavoce e attuatrice di una vera e propria sovranit\u00e0 democratica europea.<\/p>\n<p>Per questi motivi, la Giovent\u00f9 Federalista Europea, assieme a tutte associazioni aderenti, si ritrover\u00e0 a <strong>Montecitorio (Roma) il 9 maggio, alle ore 16.30<\/strong>, per celebrare una &#8220;ControFesta dell&#8217;Europa&#8221; e il Funerale dell\u2019Europa di Ventotene, affermando come l\u2019Unione Europea si debba riformare a partire dai suoi cittadini, superando l\u2019attuale sistema intergovernativo, perpetuato dai capi di stato e di governo, e costituendo una vera e propria\u00a0federazione di stati. Il 9 maggio non verr\u00e0 festeggiata questa Europa, ma verr\u00e0 richiesto a gran voce di perseguire l\u2019unica via concreta per un rilancio del nostro continente: la via degli Stati Uniti d\u2019Europa, il vero progetto dei nostri Padri Fondatori.<\/p>\n<p>\u00c8 l\u2019Europa Federale quella che la GFE vuole festeggiare il 9 maggio, un\u2019Europa che ancora non c\u2019\u00e8 e che deve essere costruita.<\/p>\n<p>\u201cDeve essere chiaro a tutti i politici europei, ai difensori di questo status quo votato al fallimento: Non si pu\u00f2 vivere di vacue promesse. Servono atti concreti, prima che l\u2019intero sistema europeo collassi su se stesso\u201d.<\/p>\n<p>A questo <a href=\"http:\/\/www.gfeaction.eu\/news-e-eventi\/comunicati-stampa\/123-9-maggio-2018-%E2%80%93-montecitorio,-roma-flashmob-in-piazza-per-la-controfesta-dell%E2%80%99europa.html\">Link<\/a>, l&#8217;appello completo:\u00a0http:\/\/www.gfeaction.eu\/news-e-eventi\/comunicati-stampa\/123-9-maggio-2018-%E2%80%93-montecitorio,-roma-flashmob-in-piazza-per-la-controfesta-dell%E2%80%99europa.html<\/p>\n<p>&nbsp;<\/p>\n","protected":false},"excerpt":{"rendered":"<p>La Giovent\u00f9 Federalista Europea invoca un\u2019Europa dei cittadini europei, federale e democratica e mette in guardia sul destino dell\u2019Unione Europea, celebrando il funerale dell\u2019Europa di Ventotene immaginata dai Padri Fondatori, vittima degli egoismi scellerati dei capi di stato e di governo. &nbsp; \u201cIl 9 maggio si\u00a0dovrebbe\u00a0celebrare la Festa dell&#8217;Europa. Noi ci chiediamo, oggi,\u00a0cosa ci sia [&hellip;]<\/p>\n","protected":false},"author":5021,"featured_media":0,"comment_status":"open","ping_status":"open","sticky":false,"template":"","format":"standard","meta":{"footnotes":""},"categories":[29],"tags":[],"class_list":["post-31140","post","type-post","status-publish","format-standard","hentry","category-comunicati"],"_links":{"self":[{"href":"https:\/\/www.area-press.eu\/comunicatistampa\/wp-json\/wp\/v2\/posts\/31140","targetHints":{"allow":["GET"]}}],"collection":[{"href":"https:\/\/www.area-press.eu\/comunicatistampa\/wp-json\/wp\/v2\/posts"}],"about":[{"href":"https:\/\/www.area-press.eu\/comunicatistampa\/wp-json\/wp\/v2\/types\/post"}],"author":[{"embeddable":true,"href":"https:\/\/www.area-press.eu\/comunicatistampa\/wp-json\/wp\/v2\/users\/5021"}],"replies":[{"embeddable":true,"href":"https:\/\/www.area-press.eu\/comunicatistampa\/wp-json\/wp\/v2\/comments?post=31140"}],"version-history":[{"count":1,"href":"https:\/\/www.area-press.eu\/comunicatistampa\/wp-json\/wp\/v2\/posts\/31140\/revisions"}],"predecessor-version":[{"id":31141,"href":"https:\/\/www.area-press.eu\/comunicatistampa\/wp-json\/wp\/v2\/posts\/31140\/revisions\/31141"}],"wp:attachment":[{"href":"https:\/\/www.area-press.eu\/comunicatistampa\/wp-json\/wp\/v2\/media?parent=31140"}],"wp:term":[{"taxonomy":"category","embeddable":true,"href":"https:\/\/www.area-press.eu\/comunicatistampa\/wp-json\/wp\/v2\/categories?post=31140"},{"taxonomy":"post_tag","embeddable":true,"href":"https:\/\/www.area-press.eu\/comunicatistampa\/wp-json\/wp\/v2\/tags?post=31140"}],"curies":[{"name":"wp","href":"https:\/\/api.w.org\/{rel}","templated":true}]}}