{"id":30704,"date":"2018-04-14T01:20:24","date_gmt":"2018-04-13T23:20:24","guid":{"rendered":"http:\/\/www.area-press.eu\/comunicatistampa\/?p=30704"},"modified":"2018-04-14T01:20:24","modified_gmt":"2018-04-13T23:20:24","slug":"automobili-usate-nel-mercato-brilla-il-marchio-toyota","status":"publish","type":"post","link":"https:\/\/www.area-press.eu\/comunicatistampa\/2018\/04\/14\/automobili-usate-nel-mercato-brilla-il-marchio-toyota\/","title":{"rendered":"Automobili usate: Nel mercato brilla il marchio Toyota"},"content":{"rendered":"<p>Nei dati delle <strong>vendite di auto usate, a Milano ed in tutta la provincia<\/strong>, vi \u00e8 una tendenza in crescita per le auto \u201ctargate\u201d Toyota ed il motivo \u00e8 facile da intuire visto che la casa costruttrice del sol levante, nell&#8217;ultimo decennio ha prodotto dei modelli assolutamente unici che attirano i clienti anche per la loro economicit\u00e0 abbinata a grande qualit\u00e0.<\/p>\n<p>Se la parola utilizzata in Lombardia \u00e8 <a href=\"http:\/\/www.burniautomobili.it\"><strong>auto usate Milano<\/strong><\/a> per ricercare i modelli in <strong>Occasione<\/strong> della casa del sol levante, alcuni sono pi\u00f9 apprezzati di altri, come per esempio la Auris Touring Sports che ha una linea originale, spazio a bordo per persone e bagagli, dove si riscontra anche una qualit\u00e0 adeguata per le plastiche degli interni, mentre In strada risulta piacevole da guidare, propriamente per lo sterzo pronto e le sospensioni ben tarate, senza essere troppo sportiva, inoltre \u00e8 molto sicura anche la tenuta di strada. Per la scelta possiamo dire che l\u2019ibrida va bene per chi intende tenere d\u2019occhio consumi ed inquinamento, senza rinunciare alla praticit\u00e0, perch\u00e9 le batterie non rubano spazio, quindi in definitiva per voler proprio suggerire una versione, allora si pu\u00f2 citare la Active+ che ha gi\u00e0 tutto quello che serve.<\/p>\n<p>L\u2019ibrida pi\u00f9 venduta al mondo per\u00f2 ha un altro nome, infatti \u00e8 la Toyota Prius quella pi\u00f9 apprezzabile grazie al suo stile aerodinamico che consente di abbassare i consumi ed oggi si incomincia a vedere presso il <strong>parco usato dei rivenditori multimarca di Milano<\/strong>. L&#8217;auto \u00e8 molto comoda ed allo stesso tempo briosa alla guida, grazie all\u2019azione congiunta dei due motori, uno a benzina e l&#8217;altro elettrico. Dopo aver ricaricato la batteria collegandola ad una presa di corrente, il Plug-in fa 25 chilometri ad \u201cemissioni zero\u201d, tuttavia, quando ci si appresta a scegliere la versione adatta alle proprie aspettative, necessita valutate bene se possa essere pi\u00f9 opportuno optare ad esempio per la Auris HSD, che ha la stessa tecnologia e sicuramente a parit\u00e0 di condizioni si risparmia sul prezzo di acquisto.<\/p>\n<p>Derivata dalla berlina \u00e8 la Prius+ che rispetto al modello base ha un abitacolo enorme che pu\u00f2 ospitare fino a sette posti, risultando cos\u00ec una vera monovolume. L\u2019accoppiata 1.8 a benzina e motore elettrico garantisce un discreto sprint, tuttavia, le sospensioni morbide e lo sterzo leggero meglio si adattano ad andature rilassate. La Active non costa poco, ma di serie ha tutto l\u2019indispensabile, la Lounge \u00e8 quasi lussuosa, al pari della Active, si pu\u00f2 trovare tra le <strong>auto usate<\/strong> con il navigatore gi\u00e0 montato a bordo.<\/p>\n<p>Un&#8217;<strong>automobile<\/strong> che si pu\u00f2 cercare presso l&#8217;<strong>usato con poco tempo di vit\u00e0<\/strong> \u00e8 la Toyota Avensis, un po\u2019 rimodernata nell&#8217;ultima versione, \u00e8 una berlina dalle linee morbide che riesce a ospitare bene quattro persone, \u00e8 soprattutto comoda, ma il comportamento sicuro e lo sterzo preciso soddisfano anche quando si guida con un po\u2019 di brio. Quale scegliere? La 2.0 turbodiesel per risparmiare, ma la versione tuttofare \u00e8 la 2.2. Diversa \u00e8 invece la Avensis Wagon, una famigliare dotata di un baule ampio e ben sfruttabile, sul divano posteriore c\u2019\u00e8 qualche centimetro in pi\u00f9 in altezza rispetto alla berlina, con cui condivide le ultime modifiche. Facile da guidare e comoda, \u00e8 adatta ai lunghi viaggi, ma anche in citt\u00e0 si muove bene, pur se in \u201cretro\u201d si vede poco, allora si pu\u00f2 mettere in funzione la telecamera posteriore che \u00e8 di serie.<\/p>\n<p>Di un altro pianeta \u00e8 invece la GT86, compatta, leggera e ben bilanciata, \u00e8 una sportiva vera, dalla linee filanti e muscolose. All&#8217;interno l\u2019abitacolo \u00e8 molto comodo davanti, sufficienti i due posti dietro. Oltre al brillante motore boxer 2.0 aspirato da 200 CV, si apprezzano l\u2019assetto sportivo, il baricentro basso, le sospensioni ben tarate, lo sterzo ed il cambio precisi. Cercala tra le <strong>Occasioni di usato garantito<\/strong> nella versione con cambio manuale che \u00e8 pi\u00f9 in linea con l\u2019impostazione da coup\u00e9 \u201c,dura e pura\u201d, invece con il cambio automatico cti aiuta a supplire alle difficolt\u00e0 di coppia ai medi regimi.<\/p>\n","protected":false},"excerpt":{"rendered":"<p>Nei dati delle vendite di auto usate, a Milano ed in tutta la provincia, vi \u00e8 una tendenza in crescita per le auto \u201ctargate\u201d Toyota ed il motivo \u00e8 facile da intuire visto che la casa costruttrice del sol levante, nell&#8217;ultimo decennio ha prodotto dei modelli assolutamente unici che attirano i clienti anche per la [&hellip;]<\/p>\n","protected":false},"author":3674,"featured_media":0,"comment_status":"open","ping_status":"open","sticky":false,"template":"","format":"standard","meta":{"footnotes":""},"categories":[29],"tags":[7744,12384],"class_list":["post-30704","post","type-post","status-publish","format-standard","hentry","category-comunicati","tag-auto-usate","tag-automobili"],"_links":{"self":[{"href":"https:\/\/www.area-press.eu\/comunicatistampa\/wp-json\/wp\/v2\/posts\/30704","targetHints":{"allow":["GET"]}}],"collection":[{"href":"https:\/\/www.area-press.eu\/comunicatistampa\/wp-json\/wp\/v2\/posts"}],"about":[{"href":"https:\/\/www.area-press.eu\/comunicatistampa\/wp-json\/wp\/v2\/types\/post"}],"author":[{"embeddable":true,"href":"https:\/\/www.area-press.eu\/comunicatistampa\/wp-json\/wp\/v2\/users\/3674"}],"replies":[{"embeddable":true,"href":"https:\/\/www.area-press.eu\/comunicatistampa\/wp-json\/wp\/v2\/comments?post=30704"}],"version-history":[{"count":2,"href":"https:\/\/www.area-press.eu\/comunicatistampa\/wp-json\/wp\/v2\/posts\/30704\/revisions"}],"predecessor-version":[{"id":30706,"href":"https:\/\/www.area-press.eu\/comunicatistampa\/wp-json\/wp\/v2\/posts\/30704\/revisions\/30706"}],"wp:attachment":[{"href":"https:\/\/www.area-press.eu\/comunicatistampa\/wp-json\/wp\/v2\/media?parent=30704"}],"wp:term":[{"taxonomy":"category","embeddable":true,"href":"https:\/\/www.area-press.eu\/comunicatistampa\/wp-json\/wp\/v2\/categories?post=30704"},{"taxonomy":"post_tag","embeddable":true,"href":"https:\/\/www.area-press.eu\/comunicatistampa\/wp-json\/wp\/v2\/tags?post=30704"}],"curies":[{"name":"wp","href":"https:\/\/api.w.org\/{rel}","templated":true}]}}