{"id":30281,"date":"2018-03-20T01:52:54","date_gmt":"2018-03-20T00:52:54","guid":{"rendered":"http:\/\/www.area-press.eu\/comunicatistampa\/?p=30281"},"modified":"2020-08-09T23:36:57","modified_gmt":"2020-08-09T21:36:57","slug":"vivere-e-cosi-e-il-primo-singolo-di-lento","status":"publish","type":"post","link":"https:\/\/www.area-press.eu\/comunicatistampa\/2018\/03\/20\/vivere-e-cosi-e-il-primo-singolo-di-lento\/","title":{"rendered":"&#8220;Vivere \u00e8 cos\u00ec&#8221; \u00e8 il primo singolo di Lento"},"content":{"rendered":"<p>Dopo un lungo parlare sul suo approdo in DeivRecords, Lento pubblica sui digital store il suo primo singolo, &#8220;Vivere \u00e8 cos\u00ec&#8221;, canzone pop<\/p>\n<p>l brano del cantautore pop (arrangiato sapientemente dalle mani di Marco Allegri del Borderline Project Studio) \u00e8 il singolo di lancio dell&#8217;artista milanese, che dopo una carriera da musicista ed in radio ha deciso di intraprendere il proprio percorso musicale solista.<br \/>\nSulla genesi del brano &#8220;Vivere \u00e8 cos\u00ec&#8221;, Lento dice: &#8220;Quando meno te lo aspetti , succede che un\u2019amica ti guarda pi\u00f9 intensamente del solito . Ti da attenzioni diverse . Quando la vedi parte una musica che non sentivi prima . I suoi occhi diventano un oceano , le sue mani diventano una calamita . Il suo profumo diventa l\u2019unica cosa che senti ovunque e ti volti per cercarla . Sapresti riconoscerla al buio . Diventa lo sfondo della tua vita . Scopri di esserti innamorato e inizi ad amare la vita in modo diverso . Il posto pi\u00f9 bello del mondo \u00e8 tra le sue braccia , e vorresti urlare quanto la ami dalla cima di una montagna . Questo \u00e8 il mondo che desideri . Sempre . Questa \u00e8 VIVERE \u00c8 COS\u00cc e parte con un Oh&#8230; come stai?&#8221;<br \/>\nUn &#8220;Oh&#8221; che \u00e8 infatti il motivo di tutta la canzone, accompagna il pezzo dall&#8217;inizio alla fine, destinato ad entrare in testa all&#8217;ascoltatore e non uscirne pi\u00f9.<\/p>\n<p>&#8220;Vivere \u00e8 cos\u00ec&#8221; \u00e8 fuori sui principali digital store (iTunes, Spotify, Google Play, Amazon e molti altri). Che sia il primo passo di un lungo cammino verso il successo? Noi non lo sappiamo, ma crediamo di si.<\/p>\n<p><a href=\"https:\/\/www.deivrecords.com\/vivere-e-cosi-lento.html\" target=\"_blank\" rel=\"noopener noreferrer\">Clicca qui per vedere la pagina dell&#8217;uscita\u00a0<\/a><\/p>\n","protected":false},"excerpt":{"rendered":"<p>Dopo un lungo parlare sul suo approdo in DeivRecords, Lento pubblica sui digital store il suo primo singolo, &#8220;Vivere \u00e8 cos\u00ec&#8221;, canzone pop\u00a0<\/p>\n","protected":false},"author":3101,"featured_media":0,"comment_status":"open","ping_status":"open","sticky":false,"template":"","format":"standard","meta":{"footnotes":""},"categories":[12],"tags":[19055,17658,17656,19054],"class_list":["post-30281","post","type-post","status-publish","format-standard","hentry","category-musica","tag-alebenz","tag-alessandro-sampietro","tag-lento","tag-lento-vivere-e-cosi"],"_links":{"self":[{"href":"https:\/\/www.area-press.eu\/comunicatistampa\/wp-json\/wp\/v2\/posts\/30281","targetHints":{"allow":["GET"]}}],"collection":[{"href":"https:\/\/www.area-press.eu\/comunicatistampa\/wp-json\/wp\/v2\/posts"}],"about":[{"href":"https:\/\/www.area-press.eu\/comunicatistampa\/wp-json\/wp\/v2\/types\/post"}],"author":[{"embeddable":true,"href":"https:\/\/www.area-press.eu\/comunicatistampa\/wp-json\/wp\/v2\/users\/3101"}],"replies":[{"embeddable":true,"href":"https:\/\/www.area-press.eu\/comunicatistampa\/wp-json\/wp\/v2\/comments?post=30281"}],"version-history":[{"count":2,"href":"https:\/\/www.area-press.eu\/comunicatistampa\/wp-json\/wp\/v2\/posts\/30281\/revisions"}],"predecessor-version":[{"id":30285,"href":"https:\/\/www.area-press.eu\/comunicatistampa\/wp-json\/wp\/v2\/posts\/30281\/revisions\/30285"}],"wp:attachment":[{"href":"https:\/\/www.area-press.eu\/comunicatistampa\/wp-json\/wp\/v2\/media?parent=30281"}],"wp:term":[{"taxonomy":"category","embeddable":true,"href":"https:\/\/www.area-press.eu\/comunicatistampa\/wp-json\/wp\/v2\/categories?post=30281"},{"taxonomy":"post_tag","embeddable":true,"href":"https:\/\/www.area-press.eu\/comunicatistampa\/wp-json\/wp\/v2\/tags?post=30281"}],"curies":[{"name":"wp","href":"https:\/\/api.w.org\/{rel}","templated":true}]}}