{"id":30136,"date":"2018-03-15T03:13:47","date_gmt":"2018-03-15T02:13:47","guid":{"rendered":"http:\/\/www.area-press.eu\/comunicatistampa\/?p=30136"},"modified":"2018-03-15T03:13:47","modified_gmt":"2018-03-15T02:13:47","slug":"come-il-visone-di-ginger-roger-e-il-vestito-finto-rubino-smeraldo-in-lady-in-the-dark-gillne-it","status":"publish","type":"post","link":"https:\/\/www.area-press.eu\/comunicatistampa\/2018\/03\/15\/come-il-visone-di-ginger-roger-e-il-vestito-finto-rubino-smeraldo-in-lady-in-the-dark-gillne-it\/","title":{"rendered":"come il visone di Ginger Roger e il vestito finto-rubino-smeraldo in Lady in the Dark gillne.it"},"content":{"rendered":"<p>\nTesta legge facce. Ha letto sotto le facce. Se la gente come Joan Crawford, Barbara Stanwyck e Grace Kelly (preferito di testa) sono stati presi in prestito da Paramount, potrebbero personalmente chiedono o per la testa femminile &#8211; come \u00e8 avvenuto con Bette Davis in Eva contro Eva &#8211; insistono su di esso <span style=\"font-size:13.3333px\">&nbsp;<\/span><a href=\"http:\/\/www.gillne.it\/u\/in-tulle-abiti-da-sposa-c12\">abiti da sposa tulle<\/a>. Gli abiti erano buoni, ma quello che ha disegnato film su pellicola per la signora Head \u00e8 stata la sua efficienza e il rispetto per il risultato finale: ha vestito i suoi attori in modo appropriato, secondo i dettami della storia e del carattere. Certo, ci sono stati incredibili costumi &#8211; come Ginger Rogers visone e abito finto-ruby-e-smeraldo Signora che \u00e8 considerato a una cifra stimata di $ 35.000 come uno dei pi\u00f9 costosi di sempre per un film in the Dark &#8211; Ma in innumerevoli film volato disegni Testa sotto il radar.<br \/>\n<img decoding=\"async\" src=\"http:\/\/www.gillne.it\/i\/9ce2-252ot-abito-da-cocktail-senza-strap-naturale-con-increspature-vita-in-organza.jpg\" \/><br \/>\nDorothy Jeakins la chiamava &#8220;la piccola sarta&#8221;. Mentre la costumista Irene e la scenografa \/ costumista Cecil Beaton hanno lavorato con stile, Head &#8211; il cui incarico alla Paramount \u00e8 durato 43 anni &#8211; \u00e8 stato progettato per la longevit\u00e0. Ha evitato, per esempio, le stampe; Temeva che non sarebbero stati di moda al momento del rilascio del film.<\/p>\n","protected":false},"excerpt":{"rendered":"<p>Testa legge facce. Ha letto sotto le facce. Se la gente come Joan Crawford, Barbara Stanwyck e Grace Kelly (preferito di testa) sono stati presi in prestito da Paramount, potrebbero personalmente chiedono o per la testa femminile &#8211; come \u00e8 avvenuto con Bette Davis in Eva contro Eva &#8211; insistono su di esso &nbsp;abiti da [&hellip;]<\/p>\n","protected":false},"author":4745,"featured_media":0,"comment_status":"open","ping_status":"open","sticky":false,"template":"","format":"standard","meta":{"footnotes":""},"categories":[29],"tags":[],"class_list":["post-30136","post","type-post","status-publish","format-standard","hentry","category-comunicati"],"_links":{"self":[{"href":"https:\/\/www.area-press.eu\/comunicatistampa\/wp-json\/wp\/v2\/posts\/30136","targetHints":{"allow":["GET"]}}],"collection":[{"href":"https:\/\/www.area-press.eu\/comunicatistampa\/wp-json\/wp\/v2\/posts"}],"about":[{"href":"https:\/\/www.area-press.eu\/comunicatistampa\/wp-json\/wp\/v2\/types\/post"}],"author":[{"embeddable":true,"href":"https:\/\/www.area-press.eu\/comunicatistampa\/wp-json\/wp\/v2\/users\/4745"}],"replies":[{"embeddable":true,"href":"https:\/\/www.area-press.eu\/comunicatistampa\/wp-json\/wp\/v2\/comments?post=30136"}],"version-history":[{"count":1,"href":"https:\/\/www.area-press.eu\/comunicatistampa\/wp-json\/wp\/v2\/posts\/30136\/revisions"}],"predecessor-version":[{"id":30137,"href":"https:\/\/www.area-press.eu\/comunicatistampa\/wp-json\/wp\/v2\/posts\/30136\/revisions\/30137"}],"wp:attachment":[{"href":"https:\/\/www.area-press.eu\/comunicatistampa\/wp-json\/wp\/v2\/media?parent=30136"}],"wp:term":[{"taxonomy":"category","embeddable":true,"href":"https:\/\/www.area-press.eu\/comunicatistampa\/wp-json\/wp\/v2\/categories?post=30136"},{"taxonomy":"post_tag","embeddable":true,"href":"https:\/\/www.area-press.eu\/comunicatistampa\/wp-json\/wp\/v2\/tags?post=30136"}],"curies":[{"name":"wp","href":"https:\/\/api.w.org\/{rel}","templated":true}]}}