{"id":30106,"date":"2018-03-13T20:00:46","date_gmt":"2018-03-13T19:00:46","guid":{"rendered":"http:\/\/www.area-press.eu\/comunicatistampa\/?p=30106"},"modified":"2020-08-09T23:56:10","modified_gmt":"2020-08-09T21:56:10","slug":"calimero-la-vita-e-tua","status":"publish","type":"post","link":"https:\/\/www.area-press.eu\/comunicatistampa\/2018\/03\/13\/calimero-la-vita-e-tua\/","title":{"rendered":"Calimero, La vita \u00e8 tua"},"content":{"rendered":"<h2 style=\"text-align: center\"><i>in radio il singolo d\u2019esordio dell\u2019artista bolognese\u00a0<\/i><\/h2>\n<p><b>Il brano si intitola La vita \u00e8 tua e a cantarlo \u00e8 Calimero<\/b>.\u00a0 Il suo repertorio \u00e8 un pop-rock sia italiano che inglese molto grintoso, unito ad una naturale predisposizione al palcoscenico e ad un timbro vocale da tenore, senza disdegnare qualche nota sporca.<\/p>\n<p><iframe loading=\"lazy\" title=\"Calimero - La vita \u00e8 tua\" width=\"500\" height=\"281\" src=\"https:\/\/www.youtube.com\/embed\/wewZx3NPpTY?feature=oembed\" frameborder=\"0\" allow=\"accelerometer; autoplay; clipboard-write; encrypted-media; gyroscope; picture-in-picture; web-share\" referrerpolicy=\"strict-origin-when-cross-origin\" allowfullscreen><\/iframe><\/p>\n<p><b>Gabriele Zagnoni in arte Calimero<\/b> ,entra nel mondo della musica un po&#8217; in ritardo rispetto al consueto, all&#8217;et\u00e0 di 16 anni. Figlio d&#8217;arte, il nonno materno fisarmonicista e madre cantante.<br \/>\nComincia a cantare in alcune formazioni locali, confrontandosi con i pi\u00f9 svariati generi musicali, dal pop al rock, dall&#8217;heavy metal al punk, che lo accompagneranno per diversi anni.<br \/>\nComincia a prendere lezioni di canto all&#8217;et\u00e0 di 19 anni, presso il Maestro Roberto Scaltriti, con il quale intraprender\u00e0 un percorso di un anno dentro il quale muover\u00e0 i primi passi nel mondo della tecnica vocale e del canto lirico.<br \/>\nA 20 anni inizia a suonare il basso elettrico. Cambia insegnante\u00a0 e passa sotto l&#8217;ala della Maestra Alessandra Venturi, con la quale inaugura una ricerca vocale che continua tutt&#8217;oggi, che ha toccato vari aspetti, dalle diplofonie agli ipertimbri, che lo hanno portato a raffinare il suo stile vocale.<br \/>\nA 24 anni partecipa ad una Master Class di canto moderno condotto da Silvia Mezzanotte, all&#8217;interno della quale lavorer\u00e0 alla preparazione di due brani con cui esibirsi.<br \/>\nFrequenta il corso biennale per Attori di teatro presso la Scuola di Teatro di Bologna \u201cAlessandra Galante Garrone\u201d. All&#8217;interno della quale parteciper\u00e0 a diverse lezioni di canto, con accento sulla parte corale, del Maestro Fabrizio Milani. Finito questo biennio, tutti i suoi studi futuri sono improntati al perfezionamento della propria cifra stilistica.<br \/>\nA 25 anni fonda un collettivo musicale, con il quale si \u00e8 esibito in diversi contesti e situazioni all&#8217;interno della scena musicale bolognese . Ad oggi, \u00e8 in corso la preparazione per diplomarsi in solfeggio.<\/p>\n<p><b><i>Press, radio, Tv Agency<br \/>\nDCOD Communication By GB Play<br \/>\n<\/i><\/b><a href=\"mailto:promoradio@dcodcommunication.it\">promoradio@dcodcommunication.it<\/a><br \/>\n<a href=\"mailto:promostampa@dcodcommunication.it\">promostampa@dcodcommunication.it<\/a><\/p>\n","protected":false},"excerpt":{"rendered":"<p>in radio il singolo d\u2019esordio dell\u2019artista bolognese\u00a0 Il brano si intitola La vita \u00e8 tua e a cantarlo \u00e8 Calimero.\u00a0 Il suo repertorio \u00e8 un pop-rock sia italiano che inglese molto grintoso, unito ad una naturale predisposizione al palcoscenico e ad un timbro vocale da tenore, senza disdegnare qualche nota sporca. Gabriele Zagnoni in arte [&hellip;]<\/p>\n","protected":false},"author":331,"featured_media":0,"comment_status":"open","ping_status":"open","sticky":false,"template":"","format":"standard","meta":{"footnotes":""},"categories":[12],"tags":[18952,2365,2059],"class_list":["post-30106","post","type-post","status-publish","format-standard","hentry","category-musica","tag-calimero","tag-singolo","tag-vita"],"_links":{"self":[{"href":"https:\/\/www.area-press.eu\/comunicatistampa\/wp-json\/wp\/v2\/posts\/30106","targetHints":{"allow":["GET"]}}],"collection":[{"href":"https:\/\/www.area-press.eu\/comunicatistampa\/wp-json\/wp\/v2\/posts"}],"about":[{"href":"https:\/\/www.area-press.eu\/comunicatistampa\/wp-json\/wp\/v2\/types\/post"}],"author":[{"embeddable":true,"href":"https:\/\/www.area-press.eu\/comunicatistampa\/wp-json\/wp\/v2\/users\/331"}],"replies":[{"embeddable":true,"href":"https:\/\/www.area-press.eu\/comunicatistampa\/wp-json\/wp\/v2\/comments?post=30106"}],"version-history":[{"count":1,"href":"https:\/\/www.area-press.eu\/comunicatistampa\/wp-json\/wp\/v2\/posts\/30106\/revisions"}],"predecessor-version":[{"id":30108,"href":"https:\/\/www.area-press.eu\/comunicatistampa\/wp-json\/wp\/v2\/posts\/30106\/revisions\/30108"}],"wp:attachment":[{"href":"https:\/\/www.area-press.eu\/comunicatistampa\/wp-json\/wp\/v2\/media?parent=30106"}],"wp:term":[{"taxonomy":"category","embeddable":true,"href":"https:\/\/www.area-press.eu\/comunicatistampa\/wp-json\/wp\/v2\/categories?post=30106"},{"taxonomy":"post_tag","embeddable":true,"href":"https:\/\/www.area-press.eu\/comunicatistampa\/wp-json\/wp\/v2\/tags?post=30106"}],"curies":[{"name":"wp","href":"https:\/\/api.w.org\/{rel}","templated":true}]}}