{"id":29949,"date":"2018-03-09T21:30:27","date_gmt":"2018-03-09T20:30:27","guid":{"rendered":"http:\/\/www.area-press.eu\/comunicatistampa\/?p=29949"},"modified":"2018-03-09T21:30:27","modified_gmt":"2018-03-09T20:30:27","slug":"f2i-lintervista-di-mag-al-ceo-renato-ravanelli","status":"publish","type":"post","link":"https:\/\/www.area-press.eu\/comunicatistampa\/2018\/03\/09\/f2i-lintervista-di-mag-al-ceo-renato-ravanelli\/","title":{"rendered":"F2i: l\u2019intervista di Mag al CEO Renato Ravanelli"},"content":{"rendered":"<p><em><strong><a href=\"https:\/\/financecommunity.it\/la-terza-vita-f2i-2\/\" title=\"Renato Ravanelli, intervista su terzo fondo F2i\">Renato Ravanelli<\/a>, alla guida della Sgr F2i, spiega in un&#8217;intervista a Mag i risultati conseguiti con la chiusura della raccolta del terzo fondo e le prossime mosse sul mercato.<\/strong><\/em><\/p>\n<h2>Renato Ravanelli, la terza vita di F2i nell&#8217;intervista di Mag<\/h2>\n<p>Per la Sgr capitanata dall&#8217;ottobre del 2014 dall&#8217;Amministratore Delegato <strong>Renato Ravanelli<\/strong>, il 2017 \u00e8 stato sicuramente un anno positivo. <strong>F2i<\/strong>, acronimo di Fondi Italiani per le Infrastrutture, \u00e8 riuscita infatti a mettere a segno la chiusura di sette operazioni dal valore complessivo di 1,4 miliardi di euro, tra le quali rientrano l&#8217;acquisizione di San Marco Bioenergie e del 90% del capitale di KPNQWEST Italia. A queste va sommata l&#8217;importante chiusura della raccolta del Terzo Fondo, all&#8217;interno del quale sono confluiti gli asset del Primo. Grazie anche alla partecipazione di investitori come il fondo sovrano del Singapore Gic e del fondo pensione canadese Psp Investment, \u00e8 stata raggiunta la cifra di 3,3 miliardi euro, che si prevede verr\u00e0 portata a 3,6 miliardi nella prima parte del 2018. Fondata nel 2007, la Sgr pu\u00f2 vantare oggi in portafoglio 18 societ\u00e0, che impiegano oltre 10 mila occupati. Numeri importanti, che <strong>Renato Ravanelli<\/strong> integra ricordando l&#8217;alta disponibilit\u00e0 di risorse: &quot;Al momento gestiamo due fondi, il Terzo, che conta una dotazione disponibile di 1,5 miliardi, e il Secondo fondo da 1,250 miliardi, con 300 milioni ancora da investire&quot;. Il capitale disponibile si aggira intorno ai 2 miliardi di euro. Cifre riservate nella maggior parte dei casi all&#8217;Italia, sebbene non manchino progetti da sviluppare in sede estera. <\/p>\n<h2>Renato Ravanelli, AD di F2i, delinea le strategie future<\/h2>\n<p>&quot;Il terzo fondo si \u00e8 chiuso con una raccolta importante, il pi\u00f9 grande mai lanciato in Italia. Abbiamo avuto davvero molte richieste da parte degli investitori e stiamo riflettendo se ampliare l&#8217;importo&quot;. Cos\u00ec <strong><a href=\"https:\/\/financecommunity.it\/la-terza-vita-f2i-2\/\" title=\"intervista a Renato Ravanelli, ad F2i\">Renato Ravanelli<\/a><\/strong>, Amministratore Delegato di <strong>F2i<\/strong>, commenta a Mag il successo della chiusura del Terzo Fondo. Interpellato sulle prossime mosse, il manager chiarisce che &quot;Dati alla mano, penso che stiamo facendo bene considerando il numero di investitori, molti dei quali esteri, che ci hanno dato fiducia. Con queste risorse continueremo anche a sostenere la crescita delle aziende che gi\u00e0 abbiamo in portafoglio&quot;. Spazio anche all&#8217;internazionalizzazione nelle parole di <strong>Renato Ravanelli<\/strong>: &quot;Per noi internazionalizzarci vuol dire continuare a fare il nostro mestiere gradualmente e con prudenza in Italia cos\u00ec come all&#8217;estero&quot;. Per il top manager i target principali di <strong>F2i<\/strong> rimangono le societ\u00e0 che operano in contesti di settore dove la struttura dell&#8217;offerta \u00e8 frammentata. In tal senso, l&#8217;aggregazione di piccole realt\u00e0 \u00e8 la principale strategia adottata dalla Sgr: &quot;Entriamo in un settore, acquisiamo un&#8217;azienda e poi un&#8217;altra e cerchiamo di integrarle facendole crescere di scala. Nel comparto infrastrutturale la scala di attivit\u00e0 \u00e8 molto importante e se ben gestita genera efficienze operative e aumenta la qualit\u00e0 del servizio a beneficio degli investitori ma pi\u00f9 in generale del sistema Paese&quot;.<\/p>\n","protected":false},"excerpt":{"rendered":"<p>Renato Ravanelli, alla guida della Sgr F2i, spiega in un&#8217;intervista a Mag i risultati conseguiti con la chiusura della raccolta del terzo fondo e le prossime mosse sul mercato. Renato Ravanelli, la terza vita di F2i nell&#8217;intervista di Mag Per la Sgr capitanata dall&#8217;ottobre del 2014 dall&#8217;Amministratore Delegato Renato Ravanelli, il 2017 \u00e8 stato sicuramente [&hellip;]<\/p>\n","protected":false},"author":40,"featured_media":0,"comment_status":"open","ping_status":"open","sticky":false,"template":"","format":"standard","meta":{"footnotes":""},"categories":[5],"tags":[1047,1046],"class_list":["post-29949","post","type-post","status-publish","format-standard","hentry","category-aziendali","tag-f2i","tag-renato-ravanelli"],"_links":{"self":[{"href":"https:\/\/www.area-press.eu\/comunicatistampa\/wp-json\/wp\/v2\/posts\/29949","targetHints":{"allow":["GET"]}}],"collection":[{"href":"https:\/\/www.area-press.eu\/comunicatistampa\/wp-json\/wp\/v2\/posts"}],"about":[{"href":"https:\/\/www.area-press.eu\/comunicatistampa\/wp-json\/wp\/v2\/types\/post"}],"author":[{"embeddable":true,"href":"https:\/\/www.area-press.eu\/comunicatistampa\/wp-json\/wp\/v2\/users\/40"}],"replies":[{"embeddable":true,"href":"https:\/\/www.area-press.eu\/comunicatistampa\/wp-json\/wp\/v2\/comments?post=29949"}],"version-history":[{"count":1,"href":"https:\/\/www.area-press.eu\/comunicatistampa\/wp-json\/wp\/v2\/posts\/29949\/revisions"}],"predecessor-version":[{"id":29952,"href":"https:\/\/www.area-press.eu\/comunicatistampa\/wp-json\/wp\/v2\/posts\/29949\/revisions\/29952"}],"wp:attachment":[{"href":"https:\/\/www.area-press.eu\/comunicatistampa\/wp-json\/wp\/v2\/media?parent=29949"}],"wp:term":[{"taxonomy":"category","embeddable":true,"href":"https:\/\/www.area-press.eu\/comunicatistampa\/wp-json\/wp\/v2\/categories?post=29949"},{"taxonomy":"post_tag","embeddable":true,"href":"https:\/\/www.area-press.eu\/comunicatistampa\/wp-json\/wp\/v2\/tags?post=29949"}],"curies":[{"name":"wp","href":"https:\/\/api.w.org\/{rel}","templated":true}]}}