{"id":29932,"date":"2018-03-09T21:28:42","date_gmt":"2018-03-09T20:28:42","guid":{"rendered":"http:\/\/www.area-press.eu\/comunicatistampa\/?p=29932"},"modified":"2018-03-09T21:28:42","modified_gmt":"2018-03-09T20:28:42","slug":"anselmo-galbusera-imprenditore-di-monza-il-percorso-professionale","status":"publish","type":"post","link":"https:\/\/www.area-press.eu\/comunicatistampa\/2018\/03\/09\/anselmo-galbusera-imprenditore-di-monza-il-percorso-professionale\/","title":{"rendered":"Anselmo Galbusera, imprenditore di Monza: il percorso professionale"},"content":{"rendered":"<p><em><strong>Attivo nel CdA di diverse societ\u00e0 facenti parte dell&#8217;azionariato della holding FERA, <a title=\"Anselmo Galbusera - Professionisti e aziende\" href=\"http:\/\/www.professionistiitaliani.it\/Profilo-utente\/608-Anselmo-Galbusera.html\">Anselmo Galbusera<\/a> ha iniziato la propria carriera da imprenditore nel 1990 con la fondazione di Delta S.p.A.<\/strong><\/em><\/p>\n<h2>Anselmo Galbusera, da Delta S.p.A. a Italgo: le prime esperienze imprenditoriali<\/h2>\n<p>Rinomato professionista monzese, <strong>Anselmo Galbusera<\/strong> ha iniziato la propria carriera come imprenditore nel 1990. La sua prima esperienza in tale ambito risale proprio a quest&#8217;anno, quando decide di dare vita a un&#8217;azienda specializzata nel settore delle telecomunicazioni e dei servizi digitali, Delta S.p.A., realt\u00e0 nella quale sar\u00e0 attivo per pi\u00f9 di un decennio nelle vesti di Chief Executive Officer e azionista e diventata presto protagonista nel settore. Nel 2003 entra a far parte di Wind S.p.A. nel ruolo di Chief Strategic Officer and Corporate Clients, mentre l&#8217;anno seguente cede a quest&#8217;ultima il controllo di Delta S.p.A. Nel 2005 una nuova svolta professionale: entra in Italgo, impresa operativa nel settore della sicurezza logica e fisica, con l&#8217;incarico di Amministratore Delegato. L&#8217;esperienza si chiude nel 2010 ed \u00e8 chiamato a ricoprire negli anni successivi posizioni di rilievo all&#8217;interno dei C.d.A. di societ\u00e0 come la Banca di Credito Cooperativo PMI del Gruppo ICCREA e Ciet. A partire dal 2009 <strong>Anselmo Galbusera<\/strong> inizia il proprio impegno professionale con FERA, holding da lui fondata e oggi presente nell&#8217;azionariato di molte imprese.<\/p>\n<h2>Anselmo Galbusera: l&#8217;esperienza in FERA<\/h2>\n<p>Imprenditore originario di Monza, <strong><a title=\"Anselmo Galbusera, profilo professionale\" href=\"http:\/\/www.professionistiitaliani.it\/Profilo-utente\/608-Anselmo-Galbusera.html\">Anselmo Galbusera<\/a><\/strong> ha fondato FERA nel 2009. Da allora la Holding \u00e8 stata capace di espandersi in numerosi settori, spaziando dai servizi di catering a distanza alla produzione dei forgiati d&#8217;acciaio. Successo testimoniato dai 10 milioni di euro in assets gestiti e che ha reso possibile alla societ\u00e0 l&#8217;ingresso dell&#8217;azionariato di aziende quali Genius Energy, Chiara Boni &amp; Sons, Multicatering, Interforgia, Progetto Investimenti, Osra Special Parts e Stamperia Segrino. In virt\u00f9 dell&#8217;esperienza maturata nel corso della sua carriera sia da imprenditore che da dirigente, <strong>Anselmo Galbusera<\/strong> \u00e8 stato chiamato a ricoprire diversi ruoli ai vertici delle societ\u00e0 controllate. Chief Strategic Officer e azionista di Multicatering S.p.A., impresa in grado di estendere il proprio servizio di catering anche alle zone pi\u00f9 sfavorevoli del mondo, \u00e8 oggi anche Vice Presidente di Genius Energy, societ\u00e0 operativa nel ramo della Green Economy, e di Gastronomia Somasca, azienda lombarda con oltre cinquant&#8217;anni di esperienza in ambito alimentare. \u00c8 membro del CdA di Chiara Boni &amp; Sons S.r.l. e di Mittel Advisory S.p.A.<\/p>\n","protected":false},"excerpt":{"rendered":"<p>Attivo nel CdA di diverse societ\u00e0 facenti parte dell&#8217;azionariato della holding FERA, Anselmo Galbusera ha iniziato la propria carriera da imprenditore nel 1990 con la fondazione di Delta S.p.A. Anselmo Galbusera, da Delta S.p.A. a Italgo: le prime esperienze imprenditoriali Rinomato professionista monzese, Anselmo Galbusera ha iniziato la propria carriera come imprenditore nel 1990. La [&hellip;]<\/p>\n","protected":false},"author":40,"featured_media":0,"comment_status":"open","ping_status":"open","sticky":false,"template":"","format":"standard","meta":{"footnotes":""},"categories":[5],"tags":[16848],"class_list":["post-29932","post","type-post","status-publish","format-standard","hentry","category-aziendali","tag-anselmo-galbusera"],"_links":{"self":[{"href":"https:\/\/www.area-press.eu\/comunicatistampa\/wp-json\/wp\/v2\/posts\/29932","targetHints":{"allow":["GET"]}}],"collection":[{"href":"https:\/\/www.area-press.eu\/comunicatistampa\/wp-json\/wp\/v2\/posts"}],"about":[{"href":"https:\/\/www.area-press.eu\/comunicatistampa\/wp-json\/wp\/v2\/types\/post"}],"author":[{"embeddable":true,"href":"https:\/\/www.area-press.eu\/comunicatistampa\/wp-json\/wp\/v2\/users\/40"}],"replies":[{"embeddable":true,"href":"https:\/\/www.area-press.eu\/comunicatistampa\/wp-json\/wp\/v2\/comments?post=29932"}],"version-history":[{"count":1,"href":"https:\/\/www.area-press.eu\/comunicatistampa\/wp-json\/wp\/v2\/posts\/29932\/revisions"}],"predecessor-version":[{"id":29934,"href":"https:\/\/www.area-press.eu\/comunicatistampa\/wp-json\/wp\/v2\/posts\/29932\/revisions\/29934"}],"wp:attachment":[{"href":"https:\/\/www.area-press.eu\/comunicatistampa\/wp-json\/wp\/v2\/media?parent=29932"}],"wp:term":[{"taxonomy":"category","embeddable":true,"href":"https:\/\/www.area-press.eu\/comunicatistampa\/wp-json\/wp\/v2\/categories?post=29932"},{"taxonomy":"post_tag","embeddable":true,"href":"https:\/\/www.area-press.eu\/comunicatistampa\/wp-json\/wp\/v2\/tags?post=29932"}],"curies":[{"name":"wp","href":"https:\/\/api.w.org\/{rel}","templated":true}]}}