{"id":29929,"date":"2018-03-09T21:28:42","date_gmt":"2018-03-09T20:28:42","guid":{"rendered":"http:\/\/www.area-press.eu\/comunicatistampa\/?p=29929"},"modified":"2018-03-09T21:28:42","modified_gmt":"2018-03-09T20:28:42","slug":"frantoio-bonamini-%e2%80%a8la-genuinita-del-biologico-in-scena-a-solagrifood-2018","status":"publish","type":"post","link":"https:\/\/www.area-press.eu\/comunicatistampa\/2018\/03\/09\/frantoio-bonamini-%e2%80%a8la-genuinita-del-biologico-in-scena-a-solagrifood-2018\/","title":{"rendered":"Frantoio Bonamini, \u2028la genuinit\u00e0 del biologico in scena a Sol&amp;Agrifood 2018"},"content":{"rendered":"<p><em>Verona, Marzo 2018 &#8211; <\/em><strong>Frantoio Bonamini <\/strong>rinnova la sua presenza all\u2019appuntamento con <strong>Sol&amp;Agrifood<\/strong>, la rassegna internazionale dell\u2019olio extravergine d\u2019oliva e dell\u2019agroalimentare di qualit\u00e0, che si svolger\u00e0 <strong>dal 15 al 18 Aprile 2018 a Veronafiere<\/strong>, in concomitanza con il <strong>Vinitaly. <\/strong>Una manifestazione che vanta un\u2019ampia partecipazione nazionale ed internazionale, contando la presenza di 291 espositori provenienti dall\u2019Italia e dall\u2019estero, 56.407 visitatori italiani e ben 14.218 visitatori esteri, punto di riferimento per le eccellenze alimentari italiane e non solo. Quest\u2019occasione sar\u00e0 la vetrina perfetta per presentare ad un pubblico eterogeneo e sempre pi\u00f9 attento alla qualit\u00e0 degli alimenti da portare sulla propria tavola, l\u2019<strong>extravergine Biologico Bonamini<\/strong>, un olio buono e sano, ottenuto dalla spremitura delle olive coltivate senza l\u2019utilizzo di pesticidi.<\/p>\n<p><strong>Prodotti salutari<\/strong>, da <strong>produzione sostenibile <\/strong>e sottoposti a <strong>maggiori controlli qualitativi<\/strong>: queste le caratteristiche che sempre pi\u00f9 italiani esigono dai prodotti alimentari, dimostrando che quello del <strong>biologico <\/strong>non \u00e8 solo un trend passeggero destinato ad un pubblico di nicchia, ma una <strong>vera e propria presa di coscienza collettiva<\/strong>. Una filosofia questa, perfettamente in linea con i valori di <strong>Frantoio Bonamini, <\/strong>la cui attivit\u00e0 ruota da sempre intorno al <strong>benessere del consumatore <\/strong>e ad una <strong>particolare attenzione all\u2019ambiente e alla natura<\/strong>.<\/p>\n<p><strong>L\u2019olio extravergine di oliva Biologico di Frantoio Bonamini <\/strong>\u00e8 la dimostrazione di come sia possibile produrre un <strong>estratto di qualit\u00e0<\/strong>, garantendo un futuro alla fertilit\u00e0 della terra che d\u00e0 vita alla materia prima. Un prodotto controllato dall\u2019<strong>Istituto per la Certificazione Etica e Ambientale (ICEA)<\/strong>, che porta in tavola gusto e salute con il suo aroma mediamente fruttato e un piacevole colore giallo dorato dalle sfumature verdi. Ottimo per il consumo a crudo, su primi piatti o su carni bianche, nasce dalla spremitura a freddo con impianto a ciclo continuo delle olive di variet\u00e0 Frantoio e Leccino della Val d\u2019Illasi.<\/p>\n<p><em>\u201cTradizione, innovazione e rispetto per l\u2019ambiente sono da sempre i capisaldi della nostra azienda\u201d <\/em>ha affermato <strong>Sabrina Bonamini<\/strong>, <strong>titolare del Frantoio<\/strong>. <em>\u201cLa nostra rinnovata partecipazione a Sol&amp;Agrifood \u00e8 la dimostrazione di quanto crediamo nell\u2019importanza della diffusione di una conoscenza approfondita di ci\u00f2 che portiamo in tavola, per guidare i consumatori verso scelte consapevoli orientate al biologico, un lusso accessibile a tutti dal ridotto impatto ambientale, per amare se stessi e la natura a 360\u00b0\u201d. <\/em><\/p>\n<p><strong>Frantoio Bonamini <\/strong>sar\u00e0 presente a <strong>Sol&amp;Agrifood 2018<\/strong>, Pad. C &#8211; Stand C6.<\/p>\n<p>&nbsp;<\/p>\n<p><strong>Frantoio Bonamini s.r.l.<\/strong><\/p>\n<p>Loc. S. Giustina, 9A<\/p>\n<p>Illasi (VR)<\/p>\n<p><a href=\"mailto:info@oliobonamini.com?subject=\">info@oliobonamini.com <\/a><\/p>\n<p>T. 045 6520558<\/p>\n<p><a href=\"http:\/\/www.oliobonamini.com\">www.oliobonamini.com<\/a><\/p>\n<p>&nbsp;<\/p>\n<p><strong>Terzomillennium press office<\/strong><\/p>\n<p>Barbara Bruno<\/p>\n<p><a href=\"mailto:barbara@terzomillennium.net?subject=\">barbara@terzomillennium.net<\/a><\/p>\n<p>info@terzomillennium.net<\/p>\n<p>T. 045 6050601<\/p>\n<p>www.terzomillennium.net<\/p>\n<p>&nbsp;<\/p>\n","protected":false},"excerpt":{"rendered":"<p>Verona, Marzo 2018 &#8211; Frantoio Bonamini rinnova la sua presenza all\u2019appuntamento con Sol&amp;Agrifood, la rassegna internazionale dell\u2019olio extravergine d\u2019oliva e dell\u2019agroalimentare di qualit\u00e0, che si svolger\u00e0 dal 15 al 18 Aprile 2018 a Veronafiere, in concomitanza con il Vinitaly. Una manifestazione che vanta un\u2019ampia partecipazione nazionale ed internazionale, contando la presenza di 291 espositori provenienti [&hellip;]<\/p>\n","protected":false},"author":5004,"featured_media":0,"comment_status":"open","ping_status":"open","sticky":false,"template":"","format":"standard","meta":{"footnotes":""},"categories":[29],"tags":[8705,18275,18861],"class_list":["post-29929","post","type-post","status-publish","format-standard","hentry","category-comunicati","tag-biologico","tag-frantoio-bonamini","tag-solagrifood"],"_links":{"self":[{"href":"https:\/\/www.area-press.eu\/comunicatistampa\/wp-json\/wp\/v2\/posts\/29929","targetHints":{"allow":["GET"]}}],"collection":[{"href":"https:\/\/www.area-press.eu\/comunicatistampa\/wp-json\/wp\/v2\/posts"}],"about":[{"href":"https:\/\/www.area-press.eu\/comunicatistampa\/wp-json\/wp\/v2\/types\/post"}],"author":[{"embeddable":true,"href":"https:\/\/www.area-press.eu\/comunicatistampa\/wp-json\/wp\/v2\/users\/5004"}],"replies":[{"embeddable":true,"href":"https:\/\/www.area-press.eu\/comunicatistampa\/wp-json\/wp\/v2\/comments?post=29929"}],"version-history":[{"count":1,"href":"https:\/\/www.area-press.eu\/comunicatistampa\/wp-json\/wp\/v2\/posts\/29929\/revisions"}],"predecessor-version":[{"id":29930,"href":"https:\/\/www.area-press.eu\/comunicatistampa\/wp-json\/wp\/v2\/posts\/29929\/revisions\/29930"}],"wp:attachment":[{"href":"https:\/\/www.area-press.eu\/comunicatistampa\/wp-json\/wp\/v2\/media?parent=29929"}],"wp:term":[{"taxonomy":"category","embeddable":true,"href":"https:\/\/www.area-press.eu\/comunicatistampa\/wp-json\/wp\/v2\/categories?post=29929"},{"taxonomy":"post_tag","embeddable":true,"href":"https:\/\/www.area-press.eu\/comunicatistampa\/wp-json\/wp\/v2\/tags?post=29929"}],"curies":[{"name":"wp","href":"https:\/\/api.w.org\/{rel}","templated":true}]}}