{"id":29858,"date":"2018-03-09T21:25:19","date_gmt":"2018-03-09T20:25:19","guid":{"rendered":"http:\/\/www.area-press.eu\/comunicatistampa\/?p=29858"},"modified":"2018-03-09T21:25:19","modified_gmt":"2018-03-09T20:25:19","slug":"cuoco-professione-usurante-al-via-i-lavori-per-il-riconoscimento-della-natura-gravosa-del-mestiere","status":"publish","type":"post","link":"https:\/\/www.area-press.eu\/comunicatistampa\/2018\/03\/09\/cuoco-professione-usurante-al-via-i-lavori-per-il-riconoscimento-della-natura-gravosa-del-mestiere\/","title":{"rendered":"Cuoco, professione usurante? Al via i lavori per il riconoscimento della natura gravosa del mestiere."},"content":{"rendered":"<h2>Luned\u00ec 5 marzo Accademia delle Professioni DIEFFE con Federazione Italiana Cuochi, Veneto Lavoro, Confcommercio, CISL e\u00a0 Spisal si sono riuniti a Padova\u00a0 inaugurando il percorso che porter\u00e0 alla definizione di un documento tecnico condiviso sul tema.<\/h2>\n<p>Un mestiere mosso dalla passione ma anche, e soprattutto, dal sacrificio e dalla fatica. Una professione che accanto alle numerose soddisfazioni prevede <strong>grossi carichi di lavoro<\/strong>, turni spossanti e la gestione di clienti sempre pi\u00f9 esigenti. Essere cuochi oggi significa operare in un settore in continua crescita \u2013 secondo Tiziano Barone di Veneto Lavoro le assunzioni nella sola Regione Veneto sono passate dalle 16.000 unit\u00e0 del 2014 alle 21.700 del 2017 segnando un +35% in 3 anni \u2013 che richiede per\u00f2 una forte resistenza allo stress, sia dal punto di vista fisico che mentale.<\/p>\n<p>Luned\u00ec 5 marzo il workshop tecnico svoltosi presso l\u2019Accademia delle Professioni DIEFFE di Noventa Padovana (PD) ha inaugurando l\u2019interessante percorso che porter\u00e0 alla definizione di un <strong>documento condiviso sul tema<\/strong>, da presentare al Ministero della Lavoro. L\u2019obiettivo \u00e8 quello di sottolineare e <strong>far riconoscere ufficialmente la natura gravosa del mestiere di cuoco<\/strong>, affinch\u00e9 possa essere inserito nella lista delle professioni usuranti e possano essere prese misure di tutela adeguate per la categoria.<\/p>\n<p>Presenti al tavolo di lavoro <strong>Rocco Cristiano Pozzulo<\/strong> (Presidente nazionale della Federazione Italiana Cuochi), <strong>Federico Pendin<\/strong> (Presidente della Cooperativa Sociale DIEFFE), <strong>Tiziano Barone<\/strong> (Direttore di Veneto Lavoro), <strong>Enrico Rizzante<\/strong> (Confcommercio Padova), <strong>Paolo Nalesso<\/strong> (CISL Veneto), <strong>Matteo Gregolin<\/strong> e <strong>Andrea Guarnieri<\/strong> (Job Select), <strong>Giorgio Sbrissa<\/strong> (Enaip Veneto), <strong>Luciano Moro<\/strong> (esperto di formazione professionale) e <strong>Spisal <\/strong>di Padova.<\/p>\n<p>Saranno monitorati gli <strong>aspetti sanitari e di igiene del lavoro<\/strong> dei professionisti della cucina \u2013 precisa Federico Pendin, Presidente della Cooperativa Sociale DIEFFE \u2013 che sono chiamati a rispondere ad una clientela sempre pi\u00f9 esigente in termine di qualit\u00e0, fantasia e variet\u00e0 del prodotto.<\/p>\n<p>Dall\u2019altro \u2013 continua Pendin \u2013 operare con tempistiche pressanti, in spazi spesso ristretti e in condizioni ambientali non sempre agevoli, in ambienti con alte temperature e con la presenza di fumi e vapori continui, insieme alla postura scorretta e a un sollevamento di pesi costante, provoca a lungo andare danni alla salute dell\u2019organismo.<\/p>\n<p>\u00c8 un <strong>mix di componenti<\/strong> che viene messo in gioco, aggiunge il Presidente nazionale FIC Rocco Pozzulo: sia quello psicologico-relazionale, sia quello fisico, in quanto il cuoco \u00e8 chiamato a lavorare in periodi festivi, in orari disagiati e con richieste molto pressanti. \u00c8 per questo, forse, che un alto numero di cuochi lascia la professione dopo 10\/15 anni di lavoro cercando un contesto lavorativo pi\u00f9 favorevole.<\/p>\n<p>Cosa fare allora di fronte a questa situazione?<\/p>\n<p>Ampio spazio \u00e8 stato dedicato alla formazione, sia <strong>riorganizzando tempi e metodi di lavoro<\/strong>, ad esempio ruotando i diversi compiti della cucina in modo da svolgere pi\u00f9 mansioni diverse tra loro, sia acquisendo abitudini personali in grado di prevenire comportamenti a rischio, come ad esempio lo sport.<\/p>\n<p>Durante la mattinata, il Presidente FIC Pozzulo ha inoltre colto l\u2019occasione per incontrare i giovani studenti dell\u2019Istituto Professionale DIEFFE, presentando loro le attivit\u00e0 e il ruolo che la Federazione Italiana Cuochi ricopre a livello internazionale ma anche, e soprattutto, condividendo con loro la propria esperienza professionale e fornendo preziosi consigli: <em>\u201cDiffidate dalle scuole che promettono di formarvi per andare in televisione, l\u00ec ci si arriva perch\u00e9 si ha una lunga formazione e gavetta alle spalle, perch\u00e9 si ha qualcosa da raccontare. Mettetevi in gioco, partecipate a concorsi, e quando lavorate ragionate come se aveste sempre un giudice alle vostre spalle, cos\u00ec diventerete bravi cuochi!\u201d.<\/em><\/p>\n<p><em>\u201cDIEFFE \u00e8 orgogliosa di sedere a questo tavolo tecnico in qualit\u00e0 di rappresentante del mondo della formazione professionale legata al settore enogastronomico, ma anche in qualit\u00e0 di ente moderatore per favorire\u00a0 le relazioni tra i soggetti coinvolti, il mondo dell\u2019impresa e le altre istituzioni presenti sul territorio\u201d.\u00a0<\/em>Questa invece la dichiarazione del Presidente DIEFFE Federico Pendin, che ha guidato l\u2019incontro tenutosi luned\u00ec in Accademia a Noventa Padovana.<\/p>\n<p>&nbsp;<\/p>\n","protected":false},"excerpt":{"rendered":"<p>Luned\u00ec 5 marzo Accademia delle Professioni DIEFFE con Federazione Italiana Cuochi, Veneto Lavoro, Confcommercio, CISL e\u00a0 Spisal si sono riuniti a Padova\u00a0 inaugurando il percorso che porter\u00e0 alla definizione di un documento tecnico condiviso sul tema. Un mestiere mosso dalla passione ma anche, e soprattutto, dal sacrificio e dalla fatica. Una professione che accanto alle [&hellip;]<\/p>\n","protected":false},"author":5093,"featured_media":0,"comment_status":"open","ping_status":"open","sticky":false,"template":"","format":"standard","meta":{"footnotes":""},"categories":[4,5,29,9,11],"tags":[],"class_list":["post-29858","post","type-post","status-publish","format-standard","hentry","category-attualita-e-societa","category-aziendali","category-comunicati","category-gastronomia","category-lavoro"],"_links":{"self":[{"href":"https:\/\/www.area-press.eu\/comunicatistampa\/wp-json\/wp\/v2\/posts\/29858","targetHints":{"allow":["GET"]}}],"collection":[{"href":"https:\/\/www.area-press.eu\/comunicatistampa\/wp-json\/wp\/v2\/posts"}],"about":[{"href":"https:\/\/www.area-press.eu\/comunicatistampa\/wp-json\/wp\/v2\/types\/post"}],"author":[{"embeddable":true,"href":"https:\/\/www.area-press.eu\/comunicatistampa\/wp-json\/wp\/v2\/users\/5093"}],"replies":[{"embeddable":true,"href":"https:\/\/www.area-press.eu\/comunicatistampa\/wp-json\/wp\/v2\/comments?post=29858"}],"version-history":[{"count":1,"href":"https:\/\/www.area-press.eu\/comunicatistampa\/wp-json\/wp\/v2\/posts\/29858\/revisions"}],"predecessor-version":[{"id":29860,"href":"https:\/\/www.area-press.eu\/comunicatistampa\/wp-json\/wp\/v2\/posts\/29858\/revisions\/29860"}],"wp:attachment":[{"href":"https:\/\/www.area-press.eu\/comunicatistampa\/wp-json\/wp\/v2\/media?parent=29858"}],"wp:term":[{"taxonomy":"category","embeddable":true,"href":"https:\/\/www.area-press.eu\/comunicatistampa\/wp-json\/wp\/v2\/categories?post=29858"},{"taxonomy":"post_tag","embeddable":true,"href":"https:\/\/www.area-press.eu\/comunicatistampa\/wp-json\/wp\/v2\/tags?post=29858"}],"curies":[{"name":"wp","href":"https:\/\/api.w.org\/{rel}","templated":true}]}}