{"id":29822,"date":"2018-03-05T20:55:34","date_gmt":"2018-03-05T19:55:34","guid":{"rendered":"http:\/\/www.area-press.eu\/comunicatistampa\/?p=29822"},"modified":"2020-08-09T23:36:59","modified_gmt":"2020-08-09T21:36:59","slug":"marco-ro-immagini-a-righe-e-il-nuovo-singolo-del-cantautore-feat-marco-conidi","status":"publish","type":"post","link":"https:\/\/www.area-press.eu\/comunicatistampa\/2018\/03\/05\/marco-ro-immagini-a-righe-e-il-nuovo-singolo-del-cantautore-feat-marco-conidi\/","title":{"rendered":"Marco R\u00f2, &#8220;Immagini a righe&#8221; \u00e8 il nuovo singolo del cantautore feat. Marco Conidi"},"content":{"rendered":"<h1 style=\"text-align: center\">MARCO RO&#8217; feat. MARCO CONIDI<\/h1>\n<h1 style=\"text-align: center\"><em>IMMAGINI A RIGHE<\/em><\/h1>\n<p>&nbsp;<\/p>\n<p>\u201cImmagini a righe\u201d \u00e8 una riflessione su tutto un mondo che esiste, non visto, quasi dimenticato. Il brano \u00e8 stato realizzato con la partecipazione di una special guest d\u2019eccezione: il cantautore Marco Conidi.<\/p>\n<p>\u201cA un passo dalla libert\u00e0, c&#8217;\u00e8 chi \u00e8 prigioniero delle proprie convinzioni. Spesso le \u201csbarre\u201d sono quelle che mettiamo noi, del pregiudizio, dell\u2019intolleranza\u201d. Marco Ro\u2019<\/p>\n<p>\u201cA un passo da qui\u201d \u00e8 il titolo del nuovo disco dove Marco R\u00f2 ripercorre le tappe del suo viaggio musicale, dall\u2019Italia alla Gran Bretagna, dalla Russia fino in Siria. Le sonorit\u00e0 pop-rock si mescolano al gusto per la canzone d&#8217;autore, attingendo al blues e spaziando nelle contaminazioni. Il titolo dell\u2019album prende spunto dal nome del progetto di sensibilizzazione che Marco porta avanti da qualche anno assieme a Laura Tangherlini, giornalista e conduttrice di Rainews24, sul dramma dei profughi siriani, e si evolve in una riflessione globale sui diversi aspetti della vita di ognuno. Prodotto da Stefano Bacchiocchi, pre-produzione di Lorenzo Sebastianelli e arrangiamenti di Fabrizio Palma.<\/p>\n<p>Etichetta: Romabbella Records<br \/>\nRadio date: 26 gennaio 2018<br \/>\nPubblicazione album \u201cA un passo da qui\u201d: 20 settembre 2017<\/p>\n<p>BIO<\/p>\n<p>MARCO R\u00d2 \u00e8 un cantautore romano, nato come batterista jazz, innamorato del soul e del blues. Dapprima leader della rock band Clyde (&#8220;Senza Controllo&#8221; &#8211; 2004 Videoradio), intraprende la carriera solista, cantando sogni e realt\u00e0 con l&#8217;ironia e il disincanto di un uomo analogico nell&#8217;era digitale. Tanto live in giro per l\u2019Italia e collaborazioni come compositore, cantante e corista in produzioni Rai e Mediaset. Dal suo primo Ep (&#8220;Un Mondo digitale&#8221; &#8211; 2011 Novo Sonum\/EDEL), sono estratti i singoli &#8220;Un mondo digitale&#8221;, &#8220;Stato d&#8217;influenza&#8221; e \u201cTrasparente\u201d in rotazione radiofonica e televisiva. In particolare il brano &#8220;Un mondo digitale&#8221; \u00e8 stato scelto come colonna sonora ufficiale del Global Junior Challenge 2012, evento organizzato dalla Fondazione Mondo Digitale sotto l\u2019Alto Patronato del Presidente della Repubblica Italiana e con il patrocinio del Ministero degli Affari Esteri. A chiusura di una tourn\u00e9e di 15 date durata un anno e mezzo nella federazione Russia, gira il video del singolo \u201cMosca mon amour\u201d (2014 \u2013 AssoDiemme), presentato a Mosca assieme alla cantante Kira Franka e promosso dall\u2019agenzia di stampa Russia News e da Capital FM 105.3, la prima radio moscovita in lingua inglese. \u00c8 stato pi\u00f9 volte ospite presso il Teatro della Casa Circondariale di Rebibbia in Roma, anche nell\u2019ambito dell\u2019iniziativa sociale Telethon, ed il brano \u201cImmagini a righe\u201d, contenuto nel suo nuovo disco e che tratta il delicato tema della situazione delle carceri in Italia, vanta l\u2019importante partecipazione del cantautore Marco Conidi. Da due anni collabora con la giornalista Laura Tangherlini (Rainews24) al progetto di sensibilizzazione itinerante \u201cA un passo da qui\u201d dedicato ai rifugiati e ai profughi dalla guerra in Siria che ha raccolto l\u2019interesse di varie associazioni, tra le quali Fonopoli. Il videoclip del brano omonimo che d\u00e0 anche il nome al suo nuovo disco, \u00e8 fra i 4 vincitori del Roma Videoclip 2016, avendo conseguito il Premio FSNews Radio, con motivazione: \u201cOriginalit\u00e0 del progetto che unisce nuove sonorit\u00e0 a nuovi stili\u201d. La versione in inglese del brano, dal titolo \u201cOne step\u201d \u00e8 stata registrata presso gli studi dell\u2019Abbey Road Institute di Londra. Marco partecipa alla realizzazione della cover \u201cSei sparito\u201d firmata \u201cThe Cerebros\u201d del tormentone dell\u2019estate 2017 Despacito. Il relativo videoclip ha guadagnato 3 milioni di visualizzazione su Facebook e 400.000 su Youtube.<\/p>\n<p>Contatti e social<\/p>\n<p>Sito: www.marcoro.it<br \/>\nFacebook: www.facebook.com\/officialmarcoro<br \/>\nFacebook FanPage: www.facebook.com\/marcorofan<br \/>\nTwitter: twitter.com\/officialmarcoro<br \/>\nYoutube Channel: www.youtube.com\/MarcoRoChannel<\/p>\n<div><\/div>\n<p><b>Licenza di distribuzione scelta:<\/b><br \/>\n<a href=\"http:\/\/creativecommons.org\/licenses\/by-nc\/2.5\/it\/\" target=\"_blank\" rel=\"noopener noreferrer\">Creative Commons &#8211; Attribuzione-Non commerciale 2.5<\/a><\/p>\n","protected":false},"excerpt":{"rendered":"<p>MARCO RO&#8217; feat. MARCO CONIDI IMMAGINI A RIGHE &nbsp; \u201cImmagini a righe\u201d \u00e8 una riflessione su tutto un mondo che esiste, non visto, quasi dimenticato. Il brano \u00e8 stato realizzato con la partecipazione di una special guest d\u2019eccezione: il cantautore Marco Conidi. \u201cA un passo dalla libert\u00e0, c&#8217;\u00e8 chi \u00e8 prigioniero delle proprie convinzioni. Spesso [&hellip;]<\/p>\n","protected":false},"author":4383,"featured_media":0,"comment_status":"open","ping_status":"open","sticky":false,"template":"","format":"standard","meta":{"footnotes":""},"categories":[3,29,12],"tags":[18801,18802,14647,2990,721,690,2365,14187],"class_list":["post-29822","post","type-post","status-publish","format-standard","hentry","category-arte-e-cultura","category-comunicati","category-musica","tag-immagini-a-righe","tag-marco-conidi","tag-marco-ro","tag-music","tag-musica","tag-nuovo-singolo","tag-singolo","tag-song"],"_links":{"self":[{"href":"https:\/\/www.area-press.eu\/comunicatistampa\/wp-json\/wp\/v2\/posts\/29822","targetHints":{"allow":["GET"]}}],"collection":[{"href":"https:\/\/www.area-press.eu\/comunicatistampa\/wp-json\/wp\/v2\/posts"}],"about":[{"href":"https:\/\/www.area-press.eu\/comunicatistampa\/wp-json\/wp\/v2\/types\/post"}],"author":[{"embeddable":true,"href":"https:\/\/www.area-press.eu\/comunicatistampa\/wp-json\/wp\/v2\/users\/4383"}],"replies":[{"embeddable":true,"href":"https:\/\/www.area-press.eu\/comunicatistampa\/wp-json\/wp\/v2\/comments?post=29822"}],"version-history":[{"count":2,"href":"https:\/\/www.area-press.eu\/comunicatistampa\/wp-json\/wp\/v2\/posts\/29822\/revisions"}],"predecessor-version":[{"id":52428,"href":"https:\/\/www.area-press.eu\/comunicatistampa\/wp-json\/wp\/v2\/posts\/29822\/revisions\/52428"}],"wp:attachment":[{"href":"https:\/\/www.area-press.eu\/comunicatistampa\/wp-json\/wp\/v2\/media?parent=29822"}],"wp:term":[{"taxonomy":"category","embeddable":true,"href":"https:\/\/www.area-press.eu\/comunicatistampa\/wp-json\/wp\/v2\/categories?post=29822"},{"taxonomy":"post_tag","embeddable":true,"href":"https:\/\/www.area-press.eu\/comunicatistampa\/wp-json\/wp\/v2\/tags?post=29822"}],"curies":[{"name":"wp","href":"https:\/\/api.w.org\/{rel}","templated":true}]}}