{"id":29774,"date":"2018-03-05T20:53:08","date_gmt":"2018-03-05T19:53:08","guid":{"rendered":"http:\/\/www.area-press.eu\/comunicatistampa\/?p=29774"},"modified":"2020-08-09T23:56:11","modified_gmt":"2020-08-09T21:56:11","slug":"lancia-e-leasys-presentano-shake-it","status":"publish","type":"post","link":"https:\/\/www.area-press.eu\/comunicatistampa\/2018\/03\/05\/lancia-e-leasys-presentano-shake-it\/","title":{"rendered":"Lancia e Leasys presentano \u201cShake it!\u201d"},"content":{"rendered":"<p>Gli automobilisti di oggi sono alla ricerca di soluzioni di mobilit\u00e0 semplici, scalabili e vantaggiose, in grado di garantire autonomia e libert\u00e0 di scelta, senza vincoli, e capaci di soddisfare qualsiasi necessit\u00e0. Partendo da queste considerazioni <strong>Lancia<\/strong> insieme a <strong>Leasys<\/strong>, la societ\u00e0 di mobilit\u00e0 e noleggio a lungo termine di FCA Bank, a un anno dal lancio di Be-Free, propone un\u2019altra <strong>innovativa soluzione pensata per privati, professionisti e piccole e medie aziende:<\/strong> <strong>\u201cShake it!\u201d<\/strong>.<\/p>\n<p>La nuova soluzione sviluppata da Leasys \u00e8 in grado di andare incontro ad ogni esigenza, permettendo al cliente di scegliere solo i servizi che desidera, per combinarli in un prodotto su misura. Non solo: qualsiasi pacchetto si decida di configurare, si pu\u00f2 contare sulla massima convenienza, grazie a un prezzo che non teme confronti, e sulla totale libert\u00e0 di tenere l\u2019auto quanto tempo si vuole dopo il 24\u00b0 mese (fino a 60 mesi).<\/p>\n<p><strong>\u00a0<\/strong><strong>Un canone mensile di soli 99 euro, IVA inclusa<\/strong>, che comprende il noleggio dell\u2019auto, bollo, assistenza stradale e App. Inoltre sono previsti tre differenti livelli di servizio da combinare, pensati per andare incontro alle esigenze specifiche di ogni automobilista. <strong>A partire da 59 euro mensili per ciascun pacchetto aggiuntivo<\/strong>, si pu\u00f2 scegliere tra le opzioni: <strong><em>\u201cShake &amp; Care\u201d<\/em><\/strong><em>,<\/em> che comprende l\u2019assicurazione RCA, la copertura infortuni conducente e il servizio di infomobilit\u00e0 Leasys I-Care; <strong><em>\u201cShake &amp; Cover\u201d<\/em><\/strong> che aggiunge la protezione incendio e furto pi\u00f9 la copertura riparazione danni; e <strong><em>\u201cShake &amp; Fix\u201d<\/em><\/strong> che prevede il servizo di manutenzione ordinaria e straordinaria.<\/p>\n<p>Ad esempio, \u201cShake it!\u201d offre la possibilit\u00e0 di mettersi alla guida della Ypsilon 1.2 Ecochic Elefantino Blu GPL o benzina a 99 euro al mese IVA inclusa, con bollo, assistenza stradale e Leasys App. Nel canone sono previsti 10mila chilometri annui e, dopo due anni, si pu\u00f2 riconsegnare l\u2019auto senza penali o tenerla per tutto il tempo che si vuole, fino a sessanta mesi. L\u2019offerta prevede un anticipo di soli 1.490 euro IVA inclusa, che \u00e8 personalizzabile, al pari del chilometraggio secondo le esigenze di ciascun singolo cliente.<\/p>\n<p>Gli showroom Lancia saranno aperti nei fine settimana del 17\/18\u00a0 e 24\/25 marzo per far conoscere ancora meglio questa nuova proposta a tutti i clienti.<\/p>\n<p><strong>\u00a0<\/strong><\/p>\n","protected":false},"excerpt":{"rendered":"<p>Gli automobilisti di oggi sono alla ricerca di soluzioni di mobilit\u00e0 semplici, scalabili e vantaggiose, in grado di garantire autonomia e libert\u00e0 di scelta, senza vincoli, e capaci di soddisfare qualsiasi necessit\u00e0. Partendo da queste considerazioni Lancia insieme a Leasys, la societ\u00e0 di mobilit\u00e0 e noleggio a lungo termine di FCA Bank, a un anno [&hellip;]<\/p>\n","protected":false},"author":157,"featured_media":0,"comment_status":"open","ping_status":"open","sticky":false,"template":"","format":"standard","meta":{"footnotes":""},"categories":[18,29],"tags":[4794,9973,4651,9187,18767],"class_list":["post-29774","post","type-post","status-publish","format-standard","hentry","category-altri-vari","category-comunicati","tag-autonoleggio","tag-fcabank","tag-leasys","tag-noleggio-a-lungo-termine","tag-shakeit"],"_links":{"self":[{"href":"https:\/\/www.area-press.eu\/comunicatistampa\/wp-json\/wp\/v2\/posts\/29774","targetHints":{"allow":["GET"]}}],"collection":[{"href":"https:\/\/www.area-press.eu\/comunicatistampa\/wp-json\/wp\/v2\/posts"}],"about":[{"href":"https:\/\/www.area-press.eu\/comunicatistampa\/wp-json\/wp\/v2\/types\/post"}],"author":[{"embeddable":true,"href":"https:\/\/www.area-press.eu\/comunicatistampa\/wp-json\/wp\/v2\/users\/157"}],"replies":[{"embeddable":true,"href":"https:\/\/www.area-press.eu\/comunicatistampa\/wp-json\/wp\/v2\/comments?post=29774"}],"version-history":[{"count":2,"href":"https:\/\/www.area-press.eu\/comunicatistampa\/wp-json\/wp\/v2\/posts\/29774\/revisions"}],"predecessor-version":[{"id":29776,"href":"https:\/\/www.area-press.eu\/comunicatistampa\/wp-json\/wp\/v2\/posts\/29774\/revisions\/29776"}],"wp:attachment":[{"href":"https:\/\/www.area-press.eu\/comunicatistampa\/wp-json\/wp\/v2\/media?parent=29774"}],"wp:term":[{"taxonomy":"category","embeddable":true,"href":"https:\/\/www.area-press.eu\/comunicatistampa\/wp-json\/wp\/v2\/categories?post=29774"},{"taxonomy":"post_tag","embeddable":true,"href":"https:\/\/www.area-press.eu\/comunicatistampa\/wp-json\/wp\/v2\/tags?post=29774"}],"curies":[{"name":"wp","href":"https:\/\/api.w.org\/{rel}","templated":true}]}}