{"id":29476,"date":"2018-02-23T21:25:20","date_gmt":"2018-02-23T20:25:20","guid":{"rendered":"http:\/\/www.area-press.eu\/comunicatistampa\/?p=29476"},"modified":"2018-02-23T21:25:20","modified_gmt":"2018-02-23T20:25:20","slug":"giovan-battista-morgagni-oggi","status":"publish","type":"post","link":"https:\/\/www.area-press.eu\/comunicatistampa\/2018\/02\/23\/giovan-battista-morgagni-oggi\/","title":{"rendered":"&#8220;Giovan Battista Morgagni oggi&#8221;"},"content":{"rendered":"<div>\n<p lang=\"zxx\" align=\"center\"><strong><span style=\"font-family: Candara\"><span style=\"font-size: xx-large\">\u00a0<\/span><\/span><\/strong><\/p>\n<p lang=\"zxx\" align=\"center\"><strong><span style=\"font-family: Candara\"><span style=\"font-size: small\"><i>Nel 336\u00b0 anniversario della nascita del medico forlivese, fondatore della patologia moderna, le iniziative per valorizzarne la figura<\/i><\/span><\/span><\/strong><\/p>\n<p lang=\"zxx\" align=\"center\">\n<p lang=\"zxx\" align=\"center\">\n<p lang=\"zxx\" align=\"left\"><span style=\"font-family: Arial, sans-serif\"><span style=\"font-size: medium\">Domenica <b>25 febbraio<\/b> sar\u00e0 il compleanno di <b>Giovan Battista Morgagn<\/b>i, il medico forlivese fondatore della Patologia Moderna.<\/span><\/span><\/p>\n<p lang=\"zxx\" align=\"left\"><span style=\"font-family: Arial, sans-serif\"><span style=\"font-size: medium\">E per<\/span><span style=\"font-size: medium\"> festeggiare i <\/span><span style=\"font-size: medium\"><b>336 anni dalla nascita<\/b><\/span><span style=\"font-size: medium\">, continuano le iniziative <\/span><span style=\"font-size: medium\">di comunicazione e valorizzazione, <\/span><span style=\"font-size: medium\">col<\/span><span style=\"font-size: medium\">leg<\/span><span style=\"font-size: medium\">ate al progetto &#8220;G.B.Morgagni Sua Maest\u00e0 Anatomica&#8221;, portato avanti dal gruppo Ausl Romagna Cultura insieme ad enti, universit\u00e0 scuole, associazioni e privati.<\/span><\/span><\/p>\n<p lang=\"zxx\" align=\"left\"><span style=\"font-family: Arial, sans-serif\"><span style=\"font-size: medium\">G.B.Morgagni, \u201cSua Maest\u00e0 Anatomica\u201d e&#8217; stato un patologo forlivese che ha rivoluzionato la medicina e ha fondato la patologia moderna. Francesco Puccinotti, storico della medicina ottocentesco, scrisse con enfasi di Morgagni che: <i>&#8220;&#8230; se tutte le scoperte anatomiche fatte da lui dovessero portare il suo nome, forse un terzo delle parti del corpo umano, si nominerebbe da lui&#8230;&#8221;.<\/i><\/span><\/span><\/p>\n<p lang=\"zxx\" align=\"justify\"><span style=\"font-family: Arial, sans-serif\"><span style=\"font-size: medium\">Per valorizzare l&#8217;importanza storico -scientifica di questo personaggio e diffonderne la conoscenza,, soprattutto alle giovani generazioni, \u00e8 prevista infatti la pubblicazione di un <b>volume<\/b>, dedicato al celebre patologo, a cura del dottor Giancarlo Cerasoli e del gruppo Ausl Romagna Cultura e la realizzazione di una docufiction storica.<\/span><\/span><\/p>\n<p lang=\"zxx\" align=\"justify\"><span style=\"font-family: Arial, sans-serif\"><span style=\"font-size: medium\">&#8220;Nell\u2019occasione dell\u2019anniversario della nascita di Giambattista Morgagni \u2013<\/span><\/span><span style=\"font-family: Arial, sans-serif\"><span style=\"font-size: medium\"> spiega il dottor <\/span><\/span><span style=\"font-family: Arial, sans-serif\"><span style=\"font-size: medium\"><b>Giancarlo Cerasoli<\/b><\/span><\/span><span style=\"font-family: Arial, sans-serif\"><span style=\"font-size: medium\"> &#8211; <\/span><\/span><span style=\"font-family: Arial, sans-serif\"><span style=\"font-size: medium\">siamo lieti di annunciare la prossima uscita del libro <\/span><\/span><em><span style=\"font-family: Arial, sans-serif\"><span style=\"font-size: medium\">Morgagni e Forl\u00ec<\/span><\/span><\/em><span style=\"font-family: Arial, sans-serif\"><span style=\"font-size: medium\">, promosso dal Gruppo Cultura dell\u2019A<\/span><\/span><span style=\"font-family: Arial, sans-serif\"><span style=\"font-size: medium\">U<\/span><\/span><span style=\"font-family: Arial, sans-serif\"><span style=\"font-size: medium\">SL della Romagna e reso possibile dal contributo economico di alcune aziende del territorio. <\/span><\/span><span style=\"font-size: medium\"><span style=\"font-family: Arial, sans-serif\">Il volume raccoglie saggi scritti da studiosi e anche da insegnanti ed alliev<\/span><span style=\"font-family: Arial, sans-serif\">i<\/span><span style=\"font-family: Arial, sans-serif\"> del <strong>Liceo Classico G.B. Morgagni di Forl\u00ec<\/strong>, nei quali viene messo in luce il tenace rapporto che legava il celebre medico con la sua citt\u00e0 d\u2019origine. Attraverso un\u2019attenta ricerca su documenti in gran parte inediti conservati nelle istituzioni culturali forlivesi (biblioteche e archivi), \u00e8 stato possibile ricostruire l\u2019intreccio complesso di interessi e affetti che legava la famiglia Morgagni a Forl\u00ec e svelare la ricca iconografia che riguarda Giambattista. Nel volume trovano spazio anche testi che riguardano la <\/span><em><span style=\"font-family: Arial, sans-serif\">docufiction<\/span><\/em><span style=\"font-family: Arial, sans-serif\"> su Giambattista Morgagni girata da Cristiano Barbarossa e molte fotografie di scena, scattate da Leonardo Michelini.&#8221;<\/span><\/span><\/p>\n<p lang=\"zxx\" align=\"justify\">\n<p lang=\"zxx\"><span style=\"font-family: Arial, sans-serif\"><span style=\"font-size: medium\">L\u2019iniziativa della docufiction nasce invece da un&#8217;idea del gruppo Ausl Romagna Cultura, all&#8217;interno del progetto &#8220;G.B.Morgagni Sua Maest\u00e0 Anatomica&#8221;, che aveva gi\u00e0 visto, nel 2015, l\u2019organizzazione di un convegno storico \u2013 scientifico in collaborazione con la Fondazione Cassa dei Risparmi di Forl\u00ec e la realizzazione di un sito Internet dedicato <b>(www.morgagnipatologo.it), a cura del Liceo Scientifico e Classico di Forl\u00ec <\/b>e con il contributo del Lions Terre di Romagna. Il gruppo Ausl Romagna Cultura \u00e8 stato costituito con delibera nel 2016 e si occupa di tutela e valorizzazione del patrimonio artistico-storico culturale.<\/span> &#8220;<\/span><\/p>\n<p lang=\"zxx\"><span style=\"font-family: Arial, sans-serif\">&#8220;Abbiamo raccontato la sua vita &#8211; spiega il regista Barbarossa &#8211; su un piano parallelo e sfruttando il linguaggio tanto del documentario, per raccontare il Morgagni che oggi \u00e8 presente nelle strutture e nei medici della sua terra, quanto della docufiction, per illustrare le varie fasi della sua vita di scienziato, percorrendo un viaggio ideale tra presente e passato, tra eredit\u00e0 pienamente raccolta e storia. E lo faremo attraverso le varie et\u00e0, sia quelle a cui fa riferimento lo scienziato forlivese, sia quelle delle persone che in questo territorio incontrano il nome di Morgagni: dallo studente, appunto, in procinto di iniziare l\u2019anno scolastico nel Liceo Morgagni, passando per i suoi compagni di scuola un po\u2019 pi\u00f9 grandi che si stanno occupando di dedicare un sito a \u201cSua Maest\u00e0 Anatomica\u201d, ai giovani medici che lavorano sul territorio, ma anche a quelli che come Morgagni sono dovuti espatriare\u201d. La produzione, realizzata in primis con il contributo dell&#8217;Istituto Oncologico Romagnolo e poi di Formula Servizi, Daniele Versari di Estados Caf\u00e8, il Grand Hotel Forl\u00ec e la collaborazione gratuita della cooperativa Raggio di Sole ONLUS, Franca &#8211; Rossella e Sarita del negozio di parrucchiera &#8220;Tagli e dettagli&#8221; di Lugo, la make up artist forlivese Apollonia Tolo e la sua collaboratrice Arianna Farolfi, la truccatrice Noemi Latino, la Fondazione Cassa di Risparmio Banca del Monte di Lugo, Mario Frontali, il Conservatorio musicale di Cesena, la Pro Loco di Terra del Sole e le Terme di Castrocaro <\/span><\/p>\n<p lang=\"zxx\"><span style=\"font-family: Arial, sans-serif\">Il gruppo Ausl Romagna Cultura, costituito nel febbraio 2016 con delibera del Direttore Generale, ha come obiettivi la valorizzazione del patrimonio artistico, documentale e archivistico dell\u2019AUSL Romagna, la diffusione della conoscenza delle figure dei grandi medici della Romagna, la realizzazione di iniziative di divulgazione scientifica e culturale dell\u2019AUSL Romagna in collaborazione con enti e associazioni, nonch\u00e9 la promozione di progetti culturali in collaborazione con Universit\u00e0 ed altri Enti. \u00c8 suddiviso in tre aree: Storia della medicina, grandi medici romagnoli e divulgazione scientifica (coordinata dal dottor Stefano De Carolis),Patrimonio storico-artistico-archivistico AUSL della Romagna (coordinato dalla dott.ssa Sonia Muzzarelli) e Comunicazione (coordinato dalla dott.ssa Tiziana Rambelli).<\/span><\/p>\n<p lang=\"zxx\"><span class=\"sd-abs-pos\"><img width=\"2\" height=\"2\" border=\"0\" \/> <\/span><\/p>\n<\/div>\n","protected":false},"excerpt":{"rendered":"<p>\u00a0 Nel 336\u00b0 anniversario della nascita del medico forlivese, fondatore della patologia moderna, le iniziative per valorizzarne la figura Domenica 25 febbraio sar\u00e0 il compleanno di Giovan Battista Morgagni, il medico forlivese fondatore della Patologia Moderna. E per festeggiare i 336 anni dalla nascita, continuano le iniziative di comunicazione e valorizzazione, collegate al progetto &#8220;G.B.Morgagni [&hellip;]<\/p>\n","protected":false},"author":4002,"featured_media":0,"comment_status":"open","ping_status":"open","sticky":false,"template":"","format":"standard","meta":{"footnotes":""},"categories":[29],"tags":[],"class_list":["post-29476","post","type-post","status-publish","format-standard","hentry","category-comunicati"],"_links":{"self":[{"href":"https:\/\/www.area-press.eu\/comunicatistampa\/wp-json\/wp\/v2\/posts\/29476","targetHints":{"allow":["GET"]}}],"collection":[{"href":"https:\/\/www.area-press.eu\/comunicatistampa\/wp-json\/wp\/v2\/posts"}],"about":[{"href":"https:\/\/www.area-press.eu\/comunicatistampa\/wp-json\/wp\/v2\/types\/post"}],"author":[{"embeddable":true,"href":"https:\/\/www.area-press.eu\/comunicatistampa\/wp-json\/wp\/v2\/users\/4002"}],"replies":[{"embeddable":true,"href":"https:\/\/www.area-press.eu\/comunicatistampa\/wp-json\/wp\/v2\/comments?post=29476"}],"version-history":[{"count":1,"href":"https:\/\/www.area-press.eu\/comunicatistampa\/wp-json\/wp\/v2\/posts\/29476\/revisions"}],"predecessor-version":[{"id":29477,"href":"https:\/\/www.area-press.eu\/comunicatistampa\/wp-json\/wp\/v2\/posts\/29476\/revisions\/29477"}],"wp:attachment":[{"href":"https:\/\/www.area-press.eu\/comunicatistampa\/wp-json\/wp\/v2\/media?parent=29476"}],"wp:term":[{"taxonomy":"category","embeddable":true,"href":"https:\/\/www.area-press.eu\/comunicatistampa\/wp-json\/wp\/v2\/categories?post=29476"},{"taxonomy":"post_tag","embeddable":true,"href":"https:\/\/www.area-press.eu\/comunicatistampa\/wp-json\/wp\/v2\/tags?post=29476"}],"curies":[{"name":"wp","href":"https:\/\/api.w.org\/{rel}","templated":true}]}}