{"id":29278,"date":"2018-02-19T15:16:21","date_gmt":"2018-02-19T14:16:21","guid":{"rendered":"http:\/\/www.area-press.eu\/comunicatistampa\/?p=29278"},"modified":"2018-02-19T15:16:21","modified_gmt":"2018-02-19T14:16:21","slug":"con-il-progetto-flora-due-anni-di-formazione-gratuita-per-15-donne-artigiane-in-europa","status":"publish","type":"post","link":"https:\/\/www.area-press.eu\/comunicatistampa\/2018\/02\/19\/con-il-progetto-flora-due-anni-di-formazione-gratuita-per-15-donne-artigiane-in-europa\/","title":{"rendered":"Con il progetto Flor\u00e0 due anni di formazione gratuita per 15 donne artigiane in Europa"},"content":{"rendered":"<h2>Creativi108 lancia il progetto Flor\u00e0 per contrastare il gender gap in Europa<\/h2>\n<p dir=\"ltr\">Il 23 febbraio 2018 alle ore 15.30 al padiglione 35 di Bologna Fiere, in occasione della manifestazione dedicata alla creativit\u00e0 per gli amanti dell\u2019hobbistica e del fai-da-te \u201cIl Mondo Creativo\u201d, verr\u00e0 presentato alla citt\u00e0 di Bologna il progetto europeo Flor\u00e0 \u201cHandmade Women Across Europe\u201d. L\u2019iniziativa di durata biennale ha l\u2019obiettivo di far fronte al divario occupazionale di genere (o gender gap) attraverso l\u2019erogazione di borse di studio per la formazione di 15 donne-artigiane sopra i 25 anni di Italia, Bulgaria, Spagna, Repubblica Ceca e Polonia.<\/p>\n<p dir=\"ltr\">Il progetto, finanziato dal programma Erasmus+, \u00e8 un\u2019idea di Creativi108, realt\u00e0 bolognese esperta di innovazione sociale e di progettazione internazionale, \u00a0che ha deciso di dare vita a Flor\u00e0 per sostenere \u00a0le donne che con il loro lavoro artigianale fanno fronte alla difficolt\u00e0 di accesso al mercato del lavoro o si impegnano per il miglioramento dell\u2019economia familiare.<\/p>\n<p dir=\"ltr\">Per ognuno dei 5 paesi coinvolti nel progetto saranno selezionate 3 handmade che potranno accedere ad un percorso di formazione di due anni che le aiuter\u00e0 a sviluppare tutte le competenze necessarie a diventare delle vere proprie imprenditrici. Gli ambiti di formazione sono al passo con i tempi di un\u2019economia digitale e riguardano: ICT ed e-commerce, Social Media e Branding, Management, gestione economica e autoimprenditorialit\u00e0.<\/p>\n<p dir=\"ltr\">Competenze tecniche ma anche le cosiddette soft-skills saranno un patrimonio non esclusivo ma che verr\u00e0 diffuso dalle 15 handmade ad altre loro \u201ccolleghe\u201d residenti nel proprio Paese in modo da moltiplicare le ricadute positive del progetto Flor\u00e0. Un ulteriore obiettivo del progetto \u00e8 far si che le artigiane che completeranno il percorso formativo previsto per i prossimi due anni assumano il ruolo di una nuova figura professionale definita \u201cHandmade Thinker\u201d che ha le capacit\u00e0 non solo di \u201cfare\u201d il prodotto artigianale, ma anche di interpretare il mercato, saper utilizzare strumenti digitali e sviluppare strategie di posizionamento e di empowerment.<\/p>\n<p dir=\"ltr\">Alle Handmade Thinkers verr\u00e0 proposto un percorso formativo che si svolger\u00e0 in 4 mobilit\u00e0 internazionali e in formazioni online, secondo il modello del \u201cblended learning\u201d e sar\u00e0 co-sviluppato con il contributo del know-how delle organizzazioni capofila del progetto per il proprio Paese. Ognuna delle 5 organizzazioni partner infatti avr\u00e0 un percorso comune di condivisione di standard, metodologie e obiettivi comuni, contribuendo con il proprio portato legato alle specificit\u00e0 del contesto socio-economico del proprio paese. In questo modo sar\u00e0 possibile implementare il progetto in modo efficace e pertinente in ciascuna area geografica.<\/p>\n<p dir=\"ltr\">Flor\u00e0 dar\u00e0 vita ad un network europeo per il sostegno dell\u2019autoimprenditorialit\u00e0 femminile nel campo dell\u2019artigianato. Ciascuna delle organizzazioni capofila del progetto sar\u00e0 responsabile della attivazione e del coinvolgimento attivo di almeno altre 30 organizzazioni del proprio contesto nazionale che saranno chiamate a prendere parte alle azioni di potenziamento dei risultati e delle ricadute positive in termini economici e sociali a livello nazionale ed internazionale.<\/p>\n<p dir=\"ltr\">Per informazioni sul progetto Flor\u00e0 \u00e8 possibile rivolgersi a Creativi108 (Via Niccol\u00f2 Dall&#8217;Arca, Bologna, Tel 051402159) mail <a href=\"mailto:info@handmade-flora.com\" target=\"_blank\" rel=\"noopener\">info@handmade-flora.com<\/a> o consultare il sito web <a href=\"http:\/\/www.handmade-flora.com\/\" target=\"_blank\" rel=\"noopener\">www.handmade-flora.com<\/a> .<\/p>\n<div class=\"gmail_quote\">\n<div dir=\"ltr\">\n<div class=\"gmail_quote\">\n<div dir=\"ltr\">\n<div class=\"gmail_quote\">\n<div dir=\"ltr\">\n<div class=\"gmail_quote\">\n<div dir=\"ltr\">\n<p dir=\"ltr\">\n<\/div>\n<\/div>\n<\/div>\n<\/div>\n<\/div>\n<\/div>\n<\/div>\n<\/div>\n","protected":false},"excerpt":{"rendered":"<p>Creativi108 lancia il progetto Flor\u00e0 per contrastare il gender gap in Europa Il 23 febbraio 2018 alle ore 15.30 al padiglione 35 di Bologna Fiere, in occasione della manifestazione dedicata alla creativit\u00e0 per gli amanti dell\u2019hobbistica e del fai-da-te \u201cIl Mondo Creativo\u201d, verr\u00e0 presentato alla citt\u00e0 di Bologna il progetto europeo Flor\u00e0 \u201cHandmade Women Across [&hellip;]<\/p>\n","protected":false},"author":5050,"featured_media":0,"comment_status":"open","ping_status":"open","sticky":false,"template":"","format":"standard","meta":{"footnotes":""},"categories":[4,29,7,8],"tags":[831,527,18457,1748,1435,18459,727,1763,18458],"class_list":["post-29278","post","type-post","status-publish","format-standard","hentry","category-attualita-e-societa","category-comunicati","category-economia-e-finanza","category-eventi","tag-artigianato","tag-bologna","tag-creativi108","tag-donne","tag-formazione","tag-imprenditorialita","tag-lavoro","tag-occupazione","tag-progetto-flora"],"_links":{"self":[{"href":"https:\/\/www.area-press.eu\/comunicatistampa\/wp-json\/wp\/v2\/posts\/29278","targetHints":{"allow":["GET"]}}],"collection":[{"href":"https:\/\/www.area-press.eu\/comunicatistampa\/wp-json\/wp\/v2\/posts"}],"about":[{"href":"https:\/\/www.area-press.eu\/comunicatistampa\/wp-json\/wp\/v2\/types\/post"}],"author":[{"embeddable":true,"href":"https:\/\/www.area-press.eu\/comunicatistampa\/wp-json\/wp\/v2\/users\/5050"}],"replies":[{"embeddable":true,"href":"https:\/\/www.area-press.eu\/comunicatistampa\/wp-json\/wp\/v2\/comments?post=29278"}],"version-history":[{"count":1,"href":"https:\/\/www.area-press.eu\/comunicatistampa\/wp-json\/wp\/v2\/posts\/29278\/revisions"}],"predecessor-version":[{"id":29284,"href":"https:\/\/www.area-press.eu\/comunicatistampa\/wp-json\/wp\/v2\/posts\/29278\/revisions\/29284"}],"wp:attachment":[{"href":"https:\/\/www.area-press.eu\/comunicatistampa\/wp-json\/wp\/v2\/media?parent=29278"}],"wp:term":[{"taxonomy":"category","embeddable":true,"href":"https:\/\/www.area-press.eu\/comunicatistampa\/wp-json\/wp\/v2\/categories?post=29278"},{"taxonomy":"post_tag","embeddable":true,"href":"https:\/\/www.area-press.eu\/comunicatistampa\/wp-json\/wp\/v2\/tags?post=29278"}],"curies":[{"name":"wp","href":"https:\/\/api.w.org\/{rel}","templated":true}]}}