{"id":29212,"date":"2018-02-16T13:07:04","date_gmt":"2018-02-16T12:07:04","guid":{"rendered":"http:\/\/www.area-press.eu\/comunicatistampa\/?p=29212"},"modified":"2018-02-16T13:07:04","modified_gmt":"2018-02-16T12:07:04","slug":"domina-domna-2018-il-festival-della-cultura-al-femminile","status":"publish","type":"post","link":"https:\/\/www.area-press.eu\/comunicatistampa\/2018\/02\/16\/domina-domna-2018-il-festival-della-cultura-al-femminile\/","title":{"rendered":"Domina Domna 2018: Il festival della cultura al femminile"},"content":{"rendered":"<p>Fantasia, forza, bellezza, creativit\u00e0, cultura. <em>Rivoluzione<\/em>. Tutti sostantivi al femminile. Parole di donne. E allora: <strong>Domina Domna<\/strong>. Per raccontare, conoscere, capire, emozionare. Con le donne e dalle donne, per tutte e tutti per un mondo in cui non ci siano \u201cdonna\u201d e \u201cuomo\u201d.<\/p>\n<p><strong>A Bergamo, dal 4 all\u20198 aprile 2018<\/strong> appuntamento con la <strong>7\u00b0 edizione del Festival multidisciplinare<\/strong> che indaga e sovverte gli stereotipi di genere, esplorando immagini, linguaggi e visioni artistiche al femminile. Per coinvolgere e affascinare, con <strong>progetti<\/strong> <strong>di<\/strong> <strong>teatro<\/strong><strong>, <\/strong><strong>illustrazione<\/strong><strong>, <\/strong><strong>street<\/strong> <strong>art<\/strong><strong>, <\/strong><strong>cinema<\/strong> <strong>e<\/strong> <strong>danza<\/strong><strong>, <\/strong>pubblico di ogni genere e di ogni et\u00e0.<\/p>\n<p>E anche se il festival non \u00e8 ancora iniziato, il pubblico ha gi\u00e0 dato segni di partecipazione mettendosi in gioco gi\u00e0 nei weekend di febbraio e marzo, insieme alle reti di quartiere, nell\u2019<strong>attivit\u00e0 di pulizia degli spazi<\/strong> <strong>dell\u2019ex asilo Principe di Napoli di via Pignolo<\/strong> a Bergamo, quartier generale della nuova edizione di Domina Domna.<\/p>\n<p><em>\u00abGrazie a una collaborazione con la rete cittadina &#8211; <\/em>commenta <strong>Elena Vanni, direttrice artistica del festival<\/strong><em> \u2013 potremo riaprire temporaneamente uno spazio e animarlo esattamente con la stessa creativit\u00e0 che l\u2019anno scorso ha portato all&#8217;utilizzo del chiostro della ex-Chiesa della Maddalena di via Sant\u2019Alessandro. L\u2019 ex asilo sar\u00e0 pulito e trasformato in luogo di incontro, proiezioni e spettacoli: il DD point 2018 sar\u00e0 il quartier generale del festival. Un lavoro di continuit\u00e0 con il 2017 che si allinea a due maxi progetti cittadini: \u201cOltrevisioni \u2013 Ritorno al Futuro\u201d e \u201cLegami Urbani\u201d, entrambi promossi dal Comune di Bergamo\u00bb . <\/em><\/p>\n<p>Domina Domna \u00e8 una kermesse unica di arte e cultura la cui energia attraversa strade, piazze, locali non convenzionali, trasformando la citt\u00e0 in un <strong>palcoscenico plurale, partecipato, vissuto, contaminato<\/strong> da idee ampie ed eterogenee. Per riflettere su <strong>integrazione, bullismo, convivenza<\/strong>, e superare, grazie all\u2019estro delle tante artiste presenti, confini, ideologie e disuguaglianze.<\/p>\n<p>Su (e gi\u00f9) dal palco, si esibiranno <strong>le migliori proposte artistiche nel panorama nazionale e internazionale<\/strong>, con l\u2019obiettivo di valorizzare la capacit\u00e0 di innovazione e ricerca culturale <em>made by women<\/em> dando valore a un\u2019iniziativa che, nata nel 2012 per volere dell\u2019associazione <strong>La Scatole delle Idee<\/strong>, in concomitanza con le attivit\u00e0 rivolte all\u2019adeguamento delle quote rosa lanciate dalla Commissione Europea nel quinquennio 2010 \u2013 2014 con il piano <em>Communication<\/em> <em>on<\/em> <em>the<\/em> <em>strategy<\/em> <em>on<\/em> <em>equal<\/em> <em>opportunities<\/em> <em>for<\/em> <em>women<\/em> <em>and<\/em> <em>men<\/em> <em>within<\/em> <em>the<\/em> <em>European<\/em> <em>Commission<\/em><em> (2010\u20132014<\/em>) (Comunicazione sulla strategia per la parit\u00e0 tra donne e uomini in seno alla Commissione europea), si rafforza di anno in anno.<\/p>\n<p>Solo nel 2017, infatti, si sono avuti <strong>pi\u00f9<\/strong> <strong>di<\/strong><strong> 23<\/strong><strong>mila<\/strong> <strong>spettatori<\/strong> <strong>\u2013 <\/strong><strong>partecipanti<\/strong>, anche grazie alla preziosa collaborazione di tanti attori del territorio come: <em>la<\/em> <em>Provincia<\/em> <em>di<\/em> <em>Bergamo<\/em><em>, il Centro Piacentiniano, <\/em><em>l&#8217;associazione Donne Per Bergamo<\/em><em>, <\/em><em>l<\/em><em>\u2019<\/em><em>Associazione<\/em> <em>Mutuo<\/em> <em>Soccorso<\/em> <em>Bergamo<\/em><em>, <\/em><em>Lab<\/em><em> 80, <\/em><em>il<\/em> <em>Teatro<\/em> <em>Sociale<\/em> <em>e<\/em> <em>il<\/em> <em>Teatro<\/em> <em>Donizetti<\/em> <em>di<\/em> <em>Bergamo<\/em><em>, <\/em><em>le<\/em> <em>scuole<\/em>, coinvolte con diverse iniziative tra cui i serate a teatro e <em>l<\/em><em>\u2019<\/em><em>Universit\u00e0<\/em> <em>della<\/em> <em>Terza<\/em> <em>et\u00e0<\/em>, fino al mondo dell\u2019infanzia, raggiunto tramite laboratori e momenti di condivisione dedicati ai pi\u00f9 piccoli.<\/p>\n<p>Per il programma e informazioni <a href=\"http:\/\/www.dominadomna.it\/\">www.dominadomna.it<\/a><img loading=\"lazy\" decoding=\"async\" class=\"alignnone size-medium wp-image-57608\" src=\"http:\/\/linvitatospeciale.it\/wp-content\/uploads\/2018\/02\/elena-vanni-683x1024.jpg\" alt=\"elena vanni\" width=\"683\" height=\"1024\" \/><\/p>\n","protected":false},"excerpt":{"rendered":"<p>Fantasia, forza, bellezza, creativit\u00e0, cultura. Rivoluzione. Tutti sostantivi al femminile. Parole di donne. E allora: Domina Domna. Per raccontare, conoscere, capire, emozionare. Con le donne e dalle donne, per tutte e tutti per un mondo in cui non ci siano \u201cdonna\u201d e \u201cuomo\u201d. A Bergamo, dal 4 all\u20198 aprile 2018 appuntamento con la 7\u00b0 edizione [&hellip;]<\/p>\n","protected":false},"author":3407,"featured_media":0,"comment_status":"open","ping_status":"open","sticky":false,"template":"","format":"standard","meta":{"footnotes":""},"categories":[3],"tags":[1748,3269],"class_list":["post-29212","post","type-post","status-publish","format-standard","hentry","category-arte-e-cultura","tag-donne","tag-festival"],"_links":{"self":[{"href":"https:\/\/www.area-press.eu\/comunicatistampa\/wp-json\/wp\/v2\/posts\/29212","targetHints":{"allow":["GET"]}}],"collection":[{"href":"https:\/\/www.area-press.eu\/comunicatistampa\/wp-json\/wp\/v2\/posts"}],"about":[{"href":"https:\/\/www.area-press.eu\/comunicatistampa\/wp-json\/wp\/v2\/types\/post"}],"author":[{"embeddable":true,"href":"https:\/\/www.area-press.eu\/comunicatistampa\/wp-json\/wp\/v2\/users\/3407"}],"replies":[{"embeddable":true,"href":"https:\/\/www.area-press.eu\/comunicatistampa\/wp-json\/wp\/v2\/comments?post=29212"}],"version-history":[{"count":1,"href":"https:\/\/www.area-press.eu\/comunicatistampa\/wp-json\/wp\/v2\/posts\/29212\/revisions"}],"predecessor-version":[{"id":29213,"href":"https:\/\/www.area-press.eu\/comunicatistampa\/wp-json\/wp\/v2\/posts\/29212\/revisions\/29213"}],"wp:attachment":[{"href":"https:\/\/www.area-press.eu\/comunicatistampa\/wp-json\/wp\/v2\/media?parent=29212"}],"wp:term":[{"taxonomy":"category","embeddable":true,"href":"https:\/\/www.area-press.eu\/comunicatistampa\/wp-json\/wp\/v2\/categories?post=29212"},{"taxonomy":"post_tag","embeddable":true,"href":"https:\/\/www.area-press.eu\/comunicatistampa\/wp-json\/wp\/v2\/tags?post=29212"}],"curies":[{"name":"wp","href":"https:\/\/api.w.org\/{rel}","templated":true}]}}