{"id":28609,"date":"2018-01-27T23:41:16","date_gmt":"2018-01-27T22:41:16","guid":{"rendered":"http:\/\/www.area-press.eu\/comunicatistampa\/?p=28609"},"modified":"2018-01-27T23:41:16","modified_gmt":"2018-01-27T22:41:16","slug":"conferenza-italia-america-latina-il-contributo-di-luigi-ferraris-ad-di-terna","status":"publish","type":"post","link":"https:\/\/www.area-press.eu\/comunicatistampa\/2018\/01\/27\/conferenza-italia-america-latina-il-contributo-di-luigi-ferraris-ad-di-terna\/","title":{"rendered":"Conferenza Italia &#8211; America Latina: il contributo di Luigi Ferraris, AD di Terna"},"content":{"rendered":"<p><em><strong>&#8220;Nella regione utilizzeremo le esperienze maturate con le rinnovabili nel nostro mercato elettrico nazionale e nel percorso di integrazione dei mercati energetici europei&#8221;: l&#8217;intervento dell&#8217;Amministratore Delegato di Terna, <a title=\"Luigi Ferraris - H2biz\" href=\"http:\/\/h2biz.net\/manager\/luigi-ferraris-6653\">Luigi Ferraris<\/a>, all&#8217;Ottava Conferenza Italia-America Latina e Caraibi.<\/strong><\/em><\/p>\n<p><a title=\"Luigi Ferraris, profilo professionale\" href=\"http:\/\/h2biz.net\/manager\/luigi-ferraris-6653\"><img loading=\"lazy\" decoding=\"async\" src=\"http:\/\/h2biz.net\/images\/Plats\/crop_min_20170527170015.jpg\" alt=\"Luigi Ferraris, CEO Terna\" width=\"200\" height=\"200\" \/><\/a><\/p>\n<h2>Terna: l&#8217;AD Luigi Ferraris all&#8217;Ottava Conferenza Italia-America Latina<\/h2>\n<p>Incentrata su obiettivi e proposte per crescere insieme, l&#8217;Ottava Conferenza Italia-America Latina e Caraibi, svoltasi lo scorso 13 dicembre a Roma presso il Ministero degli Ester e della Cooperazione Internazionale, ha visto la partecipazione di esponenti delle Istituzioni italiane, ambasciatori e Ministri dei Paesi latinoamericani ma anche dirigenti di aziende attive a livello globale. Tra questi anche l&#8217;Amministratore Delegato di <strong>Terna<\/strong>, <strong>Luigi Ferraris<\/strong>, intervenuto nell&#8217;ambito del convegno sull&#8217;importanza delle reti energetiche per la connettivit\u00e0 e la competitivit\u00e0 del continente. Il manager si \u00e8 focalizzato sulle prospettive di sviluppo dei mercati dell&#8217;America Latina e dei Caraibi: &#8220;L&#8217;economia \u00e8 tornata a crescere dopo sei anni di rallentamento e si registrano tassi di elettrificazione dei consumi molto pi\u00f9 alti che da altre parti del mondo&#8221; ha dichiarato <strong>Luigi Ferraris<\/strong>. Circa il 97% della popolazione ha oggi accesso all&#8217;elettricit\u00e0, ma molti Paesi scontano carenze nell&#8217;elettrificazione rurale. Le prospettive, anche in termini di investimenti, sono per\u00f2 buone: &#8220;A fronte di una domanda negli ultimi anni sostanzialmente stabile, si prevede per il prossimo quindicennio un aumento del consumo di elettricit\u00e0 fino a circa il 35%&#8221;. Secondo l&#8217;AD di <strong>Terna<\/strong>, lo sviluppo economico e occupazionale dell&#8217;intera area trover\u00e0 nelle rinnovabili grande impulso: in questa prospettiva \u00e8 prioritario incrementare adeguatamente la rete elettrica, in modo da poter garantire connessioni e nuovi impianti. Lo sviluppo delle interconnessioni tra Paesi supporta infatti l&#8217;integrazione dei mercati, la sicurezza del sistema elettrico, la diversificazione degli approvvigionamenti, la riduzione dei costi di energia e l&#8217;aumento della capacit\u00e0 di riserva. &#8220;Gli investimenti in infrastrutture e reti rappresentano la leva per favorire ulteriore crescita economica e creare occupazione, contrastando la povert\u00e0&#8221; ha sottolineato il manager.<\/p>\n<h2>Luigi Ferraris: l&#8217;approccio sostenibile di Terna in America Latina<\/h2>\n<p>Ospite del convegno organizzato da Istituto Italo-Latino Americano e Ministero degli Affari Esteri e della Cooperazione Internazionale, l&#8217;AD <strong><a title=\"Luigi Ferraris, profilo professionale\" href=\"http:\/\/h2biz.net\/manager\/luigi-ferraris-6653\">Luigi Ferraris<\/a><\/strong> ha parlato anche delle attivit\u00e0 di <strong>Terna<\/strong> in queste aree. &#8220;Terna \u00e8 un investitore con un alto profilo industriale che sviluppa e realizza progetti in ambito energetico e infrastrutturale sulla base di un approccio sostenibile e con una vision di lungo periodo&#8221; ha dichiarato il manager, aggiungendo che l&#8217;obiettivo \u00e8 trasferire know-how in loco e stabilire sinergie con partner locali. Non a caso, il gruppo opera in contesti con importanti trend di sviluppo e dove la domanda di energia e di infrastrutture \u00e8 forte. In particolare, sono due i modelli di business che il gruppo adotta per favorire la transizione energetica: il BOOT (Build, Own, Operate and Transfer) che include progettazione, costruzione, esercizio di infrastrutture di trasmissione e trasferimento della propriet\u00e0 delle stesse al termine di un periodo di tempo definito e il BOT (Build, Own, Transfer) che non prevede la terza fase. In America Latina Terna sta portando avanti progetti per 260milioni di euro in totale, con una presenza in Uruguay, Brasile e Per\u00f9. &#8220;Il supporto diplomatico e istituzionale \u00e8 importante per assicurare certezza e stabilit\u00e0 del quadro regolatorio e normativo a chi investe nell&#8217;area&#8221; ha sottolineato <strong>Luigi Ferraris<\/strong> durante il suo intervento. Il vertice di Terna ha inoltre aggiunto che sarebbe altrettanto auspicabile rafforzare i rapporti di cooperazione con banche e principali istituti finanziari dei diversi Paesi, anche nell&#8217;ottica di incentivare lo sviluppo di interconnessioni tra di essi, con l&#8217;integrazione delle rinnovabili nel mercato elettrico.<\/p>\n<p>&nbsp;<\/p>\n","protected":false},"excerpt":{"rendered":"<p>&#8220;Nella regione utilizzeremo le esperienze maturate con le rinnovabili nel nostro mercato elettrico nazionale e nel percorso di integrazione dei mercati energetici europei&#8221;: l&#8217;intervento dell&#8217;Amministratore Delegato di Terna, Luigi Ferraris, all&#8217;Ottava Conferenza Italia-America Latina e Caraibi. Terna: l&#8217;AD Luigi Ferraris all&#8217;Ottava Conferenza Italia-America Latina Incentrata su obiettivi e proposte per crescere insieme, l&#8217;Ottava Conferenza Italia-America [&hellip;]<\/p>\n","protected":false},"author":3860,"featured_media":0,"comment_status":"open","ping_status":"open","sticky":false,"template":"","format":"standard","meta":{"footnotes":""},"categories":[5,7],"tags":[13847,17416],"class_list":["post-28609","post","type-post","status-publish","format-standard","hentry","category-aziendali","category-economia-e-finanza","tag-luigi-ferraris","tag-terna"],"_links":{"self":[{"href":"https:\/\/www.area-press.eu\/comunicatistampa\/wp-json\/wp\/v2\/posts\/28609","targetHints":{"allow":["GET"]}}],"collection":[{"href":"https:\/\/www.area-press.eu\/comunicatistampa\/wp-json\/wp\/v2\/posts"}],"about":[{"href":"https:\/\/www.area-press.eu\/comunicatistampa\/wp-json\/wp\/v2\/types\/post"}],"author":[{"embeddable":true,"href":"https:\/\/www.area-press.eu\/comunicatistampa\/wp-json\/wp\/v2\/users\/3860"}],"replies":[{"embeddable":true,"href":"https:\/\/www.area-press.eu\/comunicatistampa\/wp-json\/wp\/v2\/comments?post=28609"}],"version-history":[{"count":1,"href":"https:\/\/www.area-press.eu\/comunicatistampa\/wp-json\/wp\/v2\/posts\/28609\/revisions"}],"predecessor-version":[{"id":28612,"href":"https:\/\/www.area-press.eu\/comunicatistampa\/wp-json\/wp\/v2\/posts\/28609\/revisions\/28612"}],"wp:attachment":[{"href":"https:\/\/www.area-press.eu\/comunicatistampa\/wp-json\/wp\/v2\/media?parent=28609"}],"wp:term":[{"taxonomy":"category","embeddable":true,"href":"https:\/\/www.area-press.eu\/comunicatistampa\/wp-json\/wp\/v2\/categories?post=28609"},{"taxonomy":"post_tag","embeddable":true,"href":"https:\/\/www.area-press.eu\/comunicatistampa\/wp-json\/wp\/v2\/tags?post=28609"}],"curies":[{"name":"wp","href":"https:\/\/api.w.org\/{rel}","templated":true}]}}