{"id":28605,"date":"2018-01-27T23:41:16","date_gmt":"2018-01-27T22:41:16","guid":{"rendered":"http:\/\/www.area-press.eu\/comunicatistampa\/?p=28605"},"modified":"2018-01-27T23:41:16","modified_gmt":"2018-01-27T22:41:16","slug":"giuseppe-recchi-con-fondazione-tim-finanziati-136-progetti-dal-2008","status":"publish","type":"post","link":"https:\/\/www.area-press.eu\/comunicatistampa\/2018\/01\/27\/giuseppe-recchi-con-fondazione-tim-finanziati-136-progetti-dal-2008\/","title":{"rendered":"Giuseppe Recchi: \u201cCon Fondazione TIM finanziati 136 progetti dal 2008\u201d"},"content":{"rendered":"<p><em><strong>Con il progetto &quot;Talenti on stage&quot; Fondazione TIM ottiene la menzione speciale del Premio Cultura + Impresa 2017: il Presidente <a href=\"http:\/\/www.ilgiornaledellefondazioni.com\/content\/il-crowdfunding-di-fondazione-tim-accompagna-i-talenti-sul-palcoscenico\" title=\"Intervista Giuseppe Recchi \">Giuseppe Recchi<\/a> in un&#8217;intervista illustra la strategia dell&#8217;ente, gli obiettivi e i traguardi raggiunti in quasi dieci anni di attivit\u00e0.<\/strong><\/em><\/p>\n<p><a href=\"http:\/\/www.ilgiornaledellefondazioni.com\/content\/il-crowdfunding-di-fondazione-tim-accompagna-i-talenti-sul-palcoscenico\" title=\"Giuseppe Recchi, strategia fondazione d'impresa\"><img loading=\"lazy\" decoding=\"async\" alt=\"Giuseppe Recchi, Vice Presidente Gruppo Tim\" height=\"183\" src=\"http:\/\/www.ilgiornaledellefondazioni.com\/sites\/default\/files\/field\/image\/copia_di_recchigiuseppe.jpg\" width=\"147\" \/><\/a><\/p>\n<h2>Fondazione TIM: intervista al Presidente Giuseppe Recchi<\/h2>\n<p>27,5 milioni di euro investiti e 136 progetti finanziati dal 2008: la soddisfazione di <strong>Giuseppe Recchi<\/strong>, Presidente di Fondazione TIM, nel parlare dell&#8217;ente e dei risultati raggiunti in quasi dieci anni di attivit\u00e0 emerge chiaramente dall&#8217;intervista che ha rilasciato in occasione del Premio Cultura + Impresa 2017, dove il progetto &quot;Talenti on stage&quot; ha ricevuto una menzione speciale nella categoria &quot;Fondazioni d&#8217;impresa&quot;. L&#8217;obiettivo dell&#8217;iniziativa di &quot;tramandare mestieri tradizionali e preziosi, aprendoli all&#8217;innovazione e cercando di conquistare ad essi talenti freschi e preziosi&quot; si \u00e8 tradotto in concreto nell&#8217;erogazione di quasi 300 borse di studio agli allievi pi\u00f9 meritevoli dell&#8217;Accademia della Scala, con cui \u00e8 stata avviata una &quot;intensa partnership&quot;. Il manager spiega che per incentivare &quot;altri attori imprenditoriali e sociali a sostenere con noi una realt\u00e0 cos\u00ec preziosa&quot; \u00e8 stata inoltre aperta una campagna di crowdfunding attraverso la piattaforma gratuita di Telecom Italia WithYouWeDo: la prima (luglio e agosto 2016) ha permesso di raccogliere da 84 donatori 410mila euro che sono andati a 127 borsisti, mentre la seconda (marzo-agosto 2017) ha portato 440mila euro destinati a 171 giovani talenti under 30. Nell&#8217;intervista <strong>Giuseppe Recchi<\/strong>, che ricopre attualmente anche la carica di Vicepresidente del Gruppo Telecom Italia, ha ripercorso la storia della fondazione: &quot;Crediamo che proprio con le nuove tecnologie e l&#8217;innovazione si possano offrire soluzioni a una molteplicit\u00e0 di problemi sociali. Per questo cerchiamo di promuovere la cultura del cambiamento e dell&#8217;innovazione digitale, favorendo l&#8217;integrazione, la comunicazione e la crescita sociale&quot;. Dal 2014 l&#8217;ente ha deciso di rinnovarsi proponendosi non solo in veste di &quot;finanziatore di buone cause&quot; ma anche come &quot;produttore di idee&quot;: &quot;Non vogliamo solo fare erogazioni a vantaggio di beneficiari meritevoli: ma aiutarli a strutturarsi, a crescere come soggetti autonomi, socialmente radicati e creativi sotto il profilo imprenditoriale. Mettiamo a disposizione risorse ma anche esperienze e pensiero&quot; ha dichiarato il Presidente, parlando anche del progetto di restauro del Mausoleo di Augusto, uno dei sette finanziati nel 2016: grazie al lavoro di Fondazione TIM, &quot;torner\u00e0 dopo ottanta anni di oblio al suo splendore&quot;.<\/p>\n<h2>Top Manager: il profilo di Giuseppe Recchi, Vicepresidente di Telecom Italia<\/h2>\n<p>Ingegnere laureatosi al Politecnico di Torino, <strong><a href=\"http:\/\/www.ilgiornaledellefondazioni.com\/content\/il-crowdfunding-di-fondazione-tim-accompagna-i-talenti-sul-palcoscenico\" title=\"Giuseppe Recchi: intervista presidente Fondazione Tim\">Giuseppe Recchi<\/a><\/strong> avvia la propria carriera in Recchi Costruzioni Generali, specializzata nella progettazione e nella realizzazione di opere infrastrutturali in Italia e all&#8217;estero. Nominato nel 1994 Presidente Esecutivo della filiale americana del gruppo, si trasferisce negli Stati Uniti. Successivamente passa a General Electric: chiamato a ricoprire la posizione di Responsabile per le acquisizioni industriali del Gruppo nell&#8217;area EMEA rientra in Europa, nello specifico a Londra. All&#8217;interno del gruppo statunitense cresce professionalmente fino a diventare Presidente e Amministratore Delegato di General Electric South Europe. Nel maggio 2011 la sua carriera si arricchisce di un altro incarico di rilievo: la Presidenza di Eni. \u00c8 il secondo pi\u00f9 giovane nella storia del gruppo dopo il fondatore Enrico Mattei. Il suo mandato si caratterizza per l&#8217;impegno sul fronte dell&#8217;accesso all&#8217;energia per i Paesi in via di sviluppo: al termine, nel 2014, entra in Telecom Italia. Nel ruolo di Presidente Esecutivo <strong>Giuseppe Recchi<\/strong> \u00e8 chiamato a guidare il processo di trasformazione digitale in Italia: il 1 giugno 2017 l&#8217;assemblea degli azionisti lo nomina Vicepresidente. Presidente della Fondazione TIM da luglio 2014, \u00e8 inoltre Copresidente nella Task Force on Improving Transparency and Anti-Corruption del B20. In qualit\u00e0 di Componente del Consiglio Generale di Confindustria, ha supportato la nascita del comitato per l&#8217;attrazione degli investimenti esteri in Italia.<\/p>\n","protected":false},"excerpt":{"rendered":"<p>Con il progetto &quot;Talenti on stage&quot; Fondazione TIM ottiene la menzione speciale del Premio Cultura + Impresa 2017: il Presidente Giuseppe Recchi in un&#8217;intervista illustra la strategia dell&#8217;ente, gli obiettivi e i traguardi raggiunti in quasi dieci anni di attivit\u00e0. Fondazione TIM: intervista al Presidente Giuseppe Recchi 27,5 milioni di euro investiti e 136 progetti [&hellip;]<\/p>\n","protected":false},"author":784,"featured_media":0,"comment_status":"open","ping_status":"open","sticky":false,"template":"","format":"standard","meta":{"footnotes":""},"categories":[5,7],"tags":[17942,11200],"class_list":["post-28605","post","type-post","status-publish","format-standard","hentry","category-aziendali","category-economia-e-finanza","tag-fondazione-tim","tag-giuseppe-recchi"],"_links":{"self":[{"href":"https:\/\/www.area-press.eu\/comunicatistampa\/wp-json\/wp\/v2\/posts\/28605","targetHints":{"allow":["GET"]}}],"collection":[{"href":"https:\/\/www.area-press.eu\/comunicatistampa\/wp-json\/wp\/v2\/posts"}],"about":[{"href":"https:\/\/www.area-press.eu\/comunicatistampa\/wp-json\/wp\/v2\/types\/post"}],"author":[{"embeddable":true,"href":"https:\/\/www.area-press.eu\/comunicatistampa\/wp-json\/wp\/v2\/users\/784"}],"replies":[{"embeddable":true,"href":"https:\/\/www.area-press.eu\/comunicatistampa\/wp-json\/wp\/v2\/comments?post=28605"}],"version-history":[{"count":1,"href":"https:\/\/www.area-press.eu\/comunicatistampa\/wp-json\/wp\/v2\/posts\/28605\/revisions"}],"predecessor-version":[{"id":28606,"href":"https:\/\/www.area-press.eu\/comunicatistampa\/wp-json\/wp\/v2\/posts\/28605\/revisions\/28606"}],"wp:attachment":[{"href":"https:\/\/www.area-press.eu\/comunicatistampa\/wp-json\/wp\/v2\/media?parent=28605"}],"wp:term":[{"taxonomy":"category","embeddable":true,"href":"https:\/\/www.area-press.eu\/comunicatistampa\/wp-json\/wp\/v2\/categories?post=28605"},{"taxonomy":"post_tag","embeddable":true,"href":"https:\/\/www.area-press.eu\/comunicatistampa\/wp-json\/wp\/v2\/tags?post=28605"}],"curies":[{"name":"wp","href":"https:\/\/api.w.org\/{rel}","templated":true}]}}