{"id":28603,"date":"2018-01-27T23:41:16","date_gmt":"2018-01-27T22:41:16","guid":{"rendered":"http:\/\/www.area-press.eu\/comunicatistampa\/?p=28603"},"modified":"2018-01-27T23:41:16","modified_gmt":"2018-01-27T22:41:16","slug":"carlo-malinconico-le-attivita-dello-studio-legale-malinconico","status":"publish","type":"post","link":"https:\/\/www.area-press.eu\/comunicatistampa\/2018\/01\/27\/carlo-malinconico-le-attivita-dello-studio-legale-malinconico\/","title":{"rendered":"Carlo Malinconico: le attivit\u00e0 dello Studio Legale Malinconico"},"content":{"rendered":"<p><em><strong>Giurista e funzionario statale, <a href=\"http:\/\/www.executivemanager.it\/Carlo-Malinconico\/\" title=\"Carlo Malinconico - profilo executive manager\">Carlo Malinconico<\/a> nel 2003 apre lo Studio Legale Malinconico: l&#8217;attivit\u00e0 \u00e8 stata insignita con la vittoria nel 2015 e nel 2017 del prestigioso Premio &quot;Le Fonti&quot;.<\/strong><\/em><\/p>\n<p><a href=\"http:\/\/www.executivemanager.it\/Carlo-Malinconico\/\" title=\"Carlo Malinconico, profilo professionale\"><img loading=\"lazy\" decoding=\"async\" alt=\"Carlo Malinconico\" height=\"210\" src=\"http:\/\/www.executivemanager.it\/images\/comprofiler\/0_57dc23a2081ff.jpg\" width=\"148\" \/><\/a><\/p>\n<h2>Carlo Malinconico: profilo dello Studio Legale Malinconico <\/h2>\n<p>Al culmine di un percorso professionale di rilievo in ambito giuridico e istituzionale, nel 2003 l&#8217;avvocato <strong>Carlo Malinconico<\/strong> decide di dare vita a una propria attivit\u00e0: nasce cos\u00ec lo Studio Legale Malinconico, specializzato in diritto amministrativo, diritto civile dei contratti e dei danni e diritto dell&#8217;Unione Europea. Negli anni lo studio si \u00e8 occupato di diversi casi relativi a svariati ambiti: l&#8217;assetto del territorio e delle risorse naturali, la realizzazione di opere pubbliche e infrastrutture, esecuzione di contratti d&#8217;appalto, convenzioni, conciliazioni e arbitrati, accordi di programma, procedure espropriative, conferenze di servizi. Guidato da <strong>Carlo Malinconico<\/strong>, lo studio si \u00e8 distinto anche nella gestione di rapporti di servizio con le amministrazioni pubbliche e di cause legate a reati contro la pubblica amministrazione. Non a caso lo Studio Legale Malinconico si \u00e8 aggiudicato per ben due volte il Premio Le Fonti, uno dei pi\u00f9 prestigiosi nel settore. Riconosciuto nel 2015 come &quot;Boutique d&#8217;eccellenza dell&#8217;anno nell&#8217;ambito del diritto amministrativo&quot;, quest&#8217;anno \u00e8 stato eletto &quot;Boutique d&#8217;eccellenza dell&#8217;anno in materia di diritto dei trasporti&quot;. Un premio che conferisce visibilit\u00e0 internazionale all&#8217;attivit\u00e0: a ritirarlo il titolare nel corso di una cerimonia che si \u00e8 tenuta lo scorso 7 giugno a Palazzo Mezzanotte, sede di Borsa Italiana.<\/p>\n<h2>Carlo Malinconico: le principali esperienze professionali <\/h2>\n<p>La laurea in Giurisprudenza conseguita nel 1972 presso l&#8217;Universit\u00e0 degli Studi di Milano segna l&#8217;inizio della prolifica carriera di <strong><a href=\"http:\/\/www.executivemanager.it\/Carlo-Malinconico\/\" title=\"Carlo Malinconico: Executive Manager\">Carlo Malinconico<\/a><\/strong>. Dopo l&#8217;abilitazione alla professione di procuratore legale, nel 1976 supera i concorsi pubblici in magistratura e a Procuratore dello Stato cominciando a esercitare la professione presso l&#8217;Avvocatura dello Stato. Tre anni dopo partecipa e vince i concorsi pubblici ad avvocato dello Stato, giudice del TAR e giurista della Comunit\u00e0 Europea, mentre nel 1984 risulta primo in graduatoria a quello a Consigliere di Stato. Fino al 2002 continuer\u00e0 a svolgere questo incarico per poi dedicarsi alla docenza universitaria: insegna presso la Facolt\u00e0 di Giurisprudenza dell&#8217;Universit\u00e0 degli Studi di Udine (2002 &#8211; 2005) e successivamente in quella di Roma &quot;Tor Vergata&quot; (2005 &#8211; 2011). Dal 2003 lavora inoltre nello studio legale a cui ha dato vita. <strong>Carlo Malinconico<\/strong> ha collezionato una serie di esperienze di rilievo anche in ambito istituzionale: Capo del Dipartimento degli affari giuridici e legislativi della Presidenza del Consiglio dei Ministri (1996 &#8211; 2001), Direttore Generale dell&#8217;Autorit\u00e0 dell&#8217;energia elettrica e del gas (2002), Segretario generale della Presidenza del Consiglio dei Ministri nel Governo Prodi II (2006 &#8211; 2008). Nel Governo Monti Carlo Malinconico ha ricoperto la posizione di Sottosegretario alla Presidenza del Consiglio dei Ministri con delega all&#8217;editoria, agli affari regionali e al coordinamento amministrativo. Dal 2008 al 2011 \u00e8 stato Presidente della Federazione Italiana Editori Giornali. Nominato dal Presidente della Repubblica Cavaliere di gran croce dell&#8217;Ordine al merito della Repubblica Italiana (2005), ha vinto l&#8217;ambito Premio &quot;Le Fonti&quot; che nel 2016 lo ha riconosciuto &quot;Avvocato dell&#8217;Anno nel settore del diritto amministrativo&quot;. <\/p>\n","protected":false},"excerpt":{"rendered":"<p>Giurista e funzionario statale, Carlo Malinconico nel 2003 apre lo Studio Legale Malinconico: l&#8217;attivit\u00e0 \u00e8 stata insignita con la vittoria nel 2015 e nel 2017 del prestigioso Premio &quot;Le Fonti&quot;. Carlo Malinconico: profilo dello Studio Legale Malinconico Al culmine di un percorso professionale di rilievo in ambito giuridico e istituzionale, nel 2003 l&#8217;avvocato Carlo Malinconico [&hellip;]<\/p>\n","protected":false},"author":3844,"featured_media":0,"comment_status":"open","ping_status":"open","sticky":false,"template":"","format":"standard","meta":{"footnotes":""},"categories":[5],"tags":[11221],"class_list":["post-28603","post","type-post","status-publish","format-standard","hentry","category-aziendali","tag-carlo-malinconico"],"_links":{"self":[{"href":"https:\/\/www.area-press.eu\/comunicatistampa\/wp-json\/wp\/v2\/posts\/28603","targetHints":{"allow":["GET"]}}],"collection":[{"href":"https:\/\/www.area-press.eu\/comunicatistampa\/wp-json\/wp\/v2\/posts"}],"about":[{"href":"https:\/\/www.area-press.eu\/comunicatistampa\/wp-json\/wp\/v2\/types\/post"}],"author":[{"embeddable":true,"href":"https:\/\/www.area-press.eu\/comunicatistampa\/wp-json\/wp\/v2\/users\/3844"}],"replies":[{"embeddable":true,"href":"https:\/\/www.area-press.eu\/comunicatistampa\/wp-json\/wp\/v2\/comments?post=28603"}],"version-history":[{"count":1,"href":"https:\/\/www.area-press.eu\/comunicatistampa\/wp-json\/wp\/v2\/posts\/28603\/revisions"}],"predecessor-version":[{"id":28604,"href":"https:\/\/www.area-press.eu\/comunicatistampa\/wp-json\/wp\/v2\/posts\/28603\/revisions\/28604"}],"wp:attachment":[{"href":"https:\/\/www.area-press.eu\/comunicatistampa\/wp-json\/wp\/v2\/media?parent=28603"}],"wp:term":[{"taxonomy":"category","embeddable":true,"href":"https:\/\/www.area-press.eu\/comunicatistampa\/wp-json\/wp\/v2\/categories?post=28603"},{"taxonomy":"post_tag","embeddable":true,"href":"https:\/\/www.area-press.eu\/comunicatistampa\/wp-json\/wp\/v2\/tags?post=28603"}],"curies":[{"name":"wp","href":"https:\/\/api.w.org\/{rel}","templated":true}]}}