{"id":27907,"date":"2018-01-01T19:31:44","date_gmt":"2018-01-01T18:31:44","guid":{"rendered":"http:\/\/www.area-press.eu\/comunicatistampa\/?p=27907"},"modified":"2018-01-01T19:31:44","modified_gmt":"2018-01-01T18:31:44","slug":"centro-del-materasso-specialisti-del-riposo-a-venezia-padova-e-treviso","status":"publish","type":"post","link":"https:\/\/www.area-press.eu\/comunicatistampa\/2018\/01\/01\/centro-del-materasso-specialisti-del-riposo-a-venezia-padova-e-treviso\/","title":{"rendered":"Centro del Materasso: specialisti del riposo a Venezia, Padova e Treviso"},"content":{"rendered":"<p>Presente sul mercato dal 1984, da sempre il Centro del Materasso non si pone come un semplice negozio di materassi, come un vero e proprio consulente del buon riposo.<\/p>\n<p>All\u2019interno di ogni negozio, infatti, non troverai dei semplici addetti vendita ma dei veri e propri consulenti che sapranno spiegarti <a href=\"http:\/\/www.centromaterasso.com\/blog\/perch%C3%A9-dormire-poco-fa-male\"><u>perch\u00e9 dormire poco fa male<\/u><\/a> e come scegliere il materasso pi\u00f9 idoneo alle proprie esigenze. Grazie ad un assortimento ampio e variegato, infatti, riusciamo a coprire ogni necessit\u00e0, fornendo un prodotto che garantisca un sonno di qualit\u00e0 e prevenga l\u2019insorgere di problematiche fisiche.<\/p>\n<p>Oltre ai materassi, vendiamo tutto ci\u00f2 che ruota attorno al letto. Un buon materasso, infatti, deve essere supportato da una rete adeguata, ogni tipologia di materasso necessita di un particolare tipo di rete. Non mancano guanciali, letti imbottiti e biancheria da letto. Il nostro personale sapr\u00e0 consigliarti su tutti gli articoli: ti indicher\u00e0, ad esempio, qual \u00e8 il miglior tessuto per le lenzuola oppure <a href=\"http:\/\/www.centromaterasso.com\/blog\/manutenzione-piumino-i-consigli-della-nonna\"><u>come lavare il piumino d\u2019oca<\/u><\/a>.<\/p>\n<p>E per i pi\u00f9 piccoli? Nessun problema, il Centro del Materasso ti aiuter\u00e0 a <a href=\"http:\/\/www.centromaterasso.com\/blog\/materasso-bambini-scegliere-migliore\"><u>scegliere il materasso per bambini<\/u><\/a> pi\u00f9 adatto ai tuoi figli, in base alla loro et\u00e0.<\/p>\n<p>Completano l\u2019offerta com\u00f2 e comodini, armadi, lampade, poltrone e presidi medici.<\/p>\n<p>I nostri negozi si trovano a Mestre (VE), Mirano (VE), Trebaseleghe (PD) e Silea (TV). Passa a trovarci e\u2026 Mettiti comodo, a tutto il resto pensiamo noi!<\/p>\n","protected":false},"excerpt":{"rendered":"<p>Presente sul mercato dal 1984, da sempre il Centro del Materasso non si pone come un semplice negozio di materassi, come un vero e proprio consulente del buon riposo. All\u2019interno di ogni negozio, infatti, non troverai dei semplici addetti vendita ma dei veri e propri consulenti che sapranno spiegarti perch\u00e9 dormire poco fa male e [&hellip;]<\/p>\n","protected":false},"author":4444,"featured_media":0,"comment_status":"open","ping_status":"open","sticky":false,"template":"","format":"standard","meta":{"footnotes":""},"categories":[29],"tags":[],"class_list":["post-27907","post","type-post","status-publish","format-standard","hentry","category-comunicati"],"_links":{"self":[{"href":"https:\/\/www.area-press.eu\/comunicatistampa\/wp-json\/wp\/v2\/posts\/27907","targetHints":{"allow":["GET"]}}],"collection":[{"href":"https:\/\/www.area-press.eu\/comunicatistampa\/wp-json\/wp\/v2\/posts"}],"about":[{"href":"https:\/\/www.area-press.eu\/comunicatistampa\/wp-json\/wp\/v2\/types\/post"}],"author":[{"embeddable":true,"href":"https:\/\/www.area-press.eu\/comunicatistampa\/wp-json\/wp\/v2\/users\/4444"}],"replies":[{"embeddable":true,"href":"https:\/\/www.area-press.eu\/comunicatistampa\/wp-json\/wp\/v2\/comments?post=27907"}],"version-history":[{"count":1,"href":"https:\/\/www.area-press.eu\/comunicatistampa\/wp-json\/wp\/v2\/posts\/27907\/revisions"}],"predecessor-version":[{"id":27908,"href":"https:\/\/www.area-press.eu\/comunicatistampa\/wp-json\/wp\/v2\/posts\/27907\/revisions\/27908"}],"wp:attachment":[{"href":"https:\/\/www.area-press.eu\/comunicatistampa\/wp-json\/wp\/v2\/media?parent=27907"}],"wp:term":[{"taxonomy":"category","embeddable":true,"href":"https:\/\/www.area-press.eu\/comunicatistampa\/wp-json\/wp\/v2\/categories?post=27907"},{"taxonomy":"post_tag","embeddable":true,"href":"https:\/\/www.area-press.eu\/comunicatistampa\/wp-json\/wp\/v2\/tags?post=27907"}],"curies":[{"name":"wp","href":"https:\/\/api.w.org\/{rel}","templated":true}]}}