{"id":27729,"date":"2017-12-19T18:49:58","date_gmt":"2017-12-19T17:49:58","guid":{"rendered":"http:\/\/www.area-press.eu\/comunicatistampa\/?p=27729"},"modified":"2017-12-19T18:49:58","modified_gmt":"2017-12-19T17:49:58","slug":"la-pochette-un-particolare-per-tutte-le-occasioni","status":"publish","type":"post","link":"https:\/\/www.area-press.eu\/comunicatistampa\/2017\/12\/19\/la-pochette-un-particolare-per-tutte-le-occasioni\/","title":{"rendered":"La pochette: un particolare per tutte le occasioni"},"content":{"rendered":"<h1 class=\"post_title\"><\/h1>\n<figure class=\"images\"><img decoding=\"async\" src=\"https:\/\/call.orequo.com\/wp-content\/uploads\/2017\/11\/IMG_8596-min.jpg\" alt=\"\" \/><\/figure>\n<div class=\"break\"><\/div>\n<div class=\"col3-3\">\n<div class=\"post_breadcrumbs\"><\/div>\n<div class=\"post_content\">\n<p>Da sempre l\u2019uomo cerca di differenziarsi dal resto della societ\u00e0, attraverso il proprio pensiero, le proprie ideologie, cos\u00ec la scelta dei propri abiti e degli\u00a0<strong>accessori<\/strong>\u00a0sono anch\u2019esse caratteristiche grazie alle quali si pu\u00f2 affermare la propria personalit\u00e0, e differenziarla da quella degli altri.<br \/>\nA seconda delle fantasie indossate, dei colori abbinati, si pu\u00f2 intuire il temperamento: eccentrico piuttosto che timido, audace piuttosto che pacato.<\/p>\n<p>Anche la\u00a0<strong>pochette<\/strong>, un piccolo dettaglio che fa capolino dalla giacca, pu\u00f2 fare la differenza completando e migliorando l\u2019insieme, dando un tocco di raffinatezza e di classe alla figura, e, soprattutto raccontandoci qualcosa rispetto a chi la indossa.<\/p>\n<p><img loading=\"lazy\" decoding=\"async\" class=\"size-medium wp-image-207 alignright\" src=\"http:\/\/call.orequo.com\/wp-content\/uploads\/2017\/11\/business-suit-690048_960_720-300x113.jpg\" alt=\"\" width=\"300\" height=\"113\" \/>\u201c<em>La pochette per un uomo \u00e8 come la borsa per una donna, non deve mai mancare<\/em>\u201d \u2013 \u00e8 solito dire\u00a0<strong>Brunello Cucinelli<\/strong>\u00a0\u2013 ed \u00e8 importante abbinarla bene al resto dell\u2019outfit, la regola fondamentale consiste nel non sceglierla della stessa fantasia della cravatta o della camicia, il fazzoletto potr\u00e0 richiamarne i colori e i motivi, ma l\u2019eleganza \u00e8 insita nel giusto bilanciamento tra i vari capi indossati.<\/p>\n<p>Sia uomini che donne possono usare vari tipi di pochette: pu\u00f2 essere a fantasia o a tinta unita, realizzata con diversi materiali, a seconda del come e del quando verr\u00e0 indossata.<\/p>\n<p><img loading=\"lazy\" decoding=\"async\" class=\"size-medium wp-image-208 aligncenter\" src=\"http:\/\/call.orequo.com\/wp-content\/uploads\/2017\/11\/Grey_and_navy_suit_on_mannequin-300x199.jpg\" alt=\"pochette varie\" width=\"300\" height=\"199\" \/><\/p>\n<p>Al lavoro, ad esempio, per avere un aspetto pi\u00f9 formale, questo piccolo accessorio pu\u00f2 essere abbinato ad un classico completo blu o grigio, o, se si preferisce essere un po\u2019 pi\u00f9 informali, ad uno spezzato in fresco lana, in entrambi i casi si render\u00e0 subito pi\u00f9 interessante l\u2019aspetto.<\/p>\n<p>Mentre nel\u00a0<strong>weekend<\/strong>, durante una gita primaverile, magari fra i vicoli di un antico borgo italiano, la pochette si pu\u00f2 abbinare ad un look pi\u00f9 smart: un blazer sfoderato in cotone e una camicia di lino, con una pochette in fantasie vivaci e colori a contrasto.<\/p>\n<p>Nel caso di una\u00a0<strong>cerimonia<\/strong>\u00a0l\u2019accessorio total white \u00e8 un classico dell\u2019eleganza, essenziale e proprio per questo perfetto, ma se si vuole osare un po\u2019 si pu\u00f2 scegliere una fantasia leggera su un fondo bianco.<\/p>\n<p>La cosa pi\u00f9 importante \u00e8 divertirsi e lasciare libero sfogo alla propria creativit\u00e0, per dare un tocco distinto e ricercato, ma anche spiritoso ed egocentrico, al vostro\u00a0<strong>outfit<\/strong>.<\/p>\n<\/div>\n<\/div>\n","protected":false},"excerpt":{"rendered":"<p>Da sempre l\u2019uomo cerca di differenziarsi dal resto della societ\u00e0, attraverso il proprio pensiero, le proprie ideologie, cos\u00ec la scelta dei propri abiti e degli\u00a0accessori\u00a0sono anch\u2019esse caratteristiche grazie alle quali si pu\u00f2 affermare la propria personalit\u00e0, e differenziarla da quella degli altri. A seconda delle fantasie indossate, dei colori abbinati, si pu\u00f2 intuire il temperamento: [&hellip;]<\/p>\n","protected":false},"author":4834,"featured_media":0,"comment_status":"open","ping_status":"open","sticky":false,"template":"","format":"standard","meta":{"footnotes":""},"categories":[3,29,6],"tags":[16789,17468,17470,16794,17466,820,834,772,17463,17464,17465,17467,17469],"class_list":["post-27729","post","type-post","status-publish","format-standard","hentry","category-arte-e-cultura","category-comunicati","category-ecommerce","tag-orequo","tag-accessori-dilusso-italiani","tag-eccellenza-italiana","tag-fatto-a-mano","tag-foulard","tag-lusso","tag-luxury","tag-made-in-italy","tag-moda-femminile","tag-moda-maschile","tag-pochette","tag-prodotti-di-lusso-italiani","tag-prodotti-ed-accessori-di-lusso-made-in-italy"],"_links":{"self":[{"href":"https:\/\/www.area-press.eu\/comunicatistampa\/wp-json\/wp\/v2\/posts\/27729","targetHints":{"allow":["GET"]}}],"collection":[{"href":"https:\/\/www.area-press.eu\/comunicatistampa\/wp-json\/wp\/v2\/posts"}],"about":[{"href":"https:\/\/www.area-press.eu\/comunicatistampa\/wp-json\/wp\/v2\/types\/post"}],"author":[{"embeddable":true,"href":"https:\/\/www.area-press.eu\/comunicatistampa\/wp-json\/wp\/v2\/users\/4834"}],"replies":[{"embeddable":true,"href":"https:\/\/www.area-press.eu\/comunicatistampa\/wp-json\/wp\/v2\/comments?post=27729"}],"version-history":[{"count":2,"href":"https:\/\/www.area-press.eu\/comunicatistampa\/wp-json\/wp\/v2\/posts\/27729\/revisions"}],"predecessor-version":[{"id":27731,"href":"https:\/\/www.area-press.eu\/comunicatistampa\/wp-json\/wp\/v2\/posts\/27729\/revisions\/27731"}],"wp:attachment":[{"href":"https:\/\/www.area-press.eu\/comunicatistampa\/wp-json\/wp\/v2\/media?parent=27729"}],"wp:term":[{"taxonomy":"category","embeddable":true,"href":"https:\/\/www.area-press.eu\/comunicatistampa\/wp-json\/wp\/v2\/categories?post=27729"},{"taxonomy":"post_tag","embeddable":true,"href":"https:\/\/www.area-press.eu\/comunicatistampa\/wp-json\/wp\/v2\/tags?post=27729"}],"curies":[{"name":"wp","href":"https:\/\/api.w.org\/{rel}","templated":true}]}}