{"id":27720,"date":"2017-12-19T18:49:58","date_gmt":"2017-12-19T17:49:58","guid":{"rendered":"http:\/\/www.area-press.eu\/comunicatistampa\/?p=27720"},"modified":"2020-08-09T23:38:03","modified_gmt":"2020-08-09T21:38:03","slug":"radiolondra-siamo-in-onda-e-il-nuovo-singolo","status":"publish","type":"post","link":"https:\/\/www.area-press.eu\/comunicatistampa\/2017\/12\/19\/radiolondra-siamo-in-onda-e-il-nuovo-singolo\/","title":{"rendered":"Radiolondra, &#8220;Siamo in onda&#8221; \u00e8 il nuovo singolo"},"content":{"rendered":"<h1 style=\"text-align: center\">RADIOLONDRA<\/h1>\n<h1 style=\"text-align: center\"><em>SIAMO IN ONDA<\/em><\/h1>\n<p>&nbsp;<\/p>\n<h3 style=\"text-align: center\">IL NUOVO TASSELLO DEL PROGETTO INDIE POP CAPITANATO DA FRANCESCO PICCIANO<\/h3>\n<p>&nbsp;<\/p>\n<p>Il tema centrale di \u201cSiamo in onda\u201d \u00e8 quello che ruota intorno alla consapevolezza per cui <strong>la vita \u00e8 una continua battaglia<\/strong> legata al conseguente <strong>dovere di scegliere<\/strong> in continuazione da che parte stare. Da una parte coloro che scelgono di non rischiare e di restare nel limbo, dall\u2019altra coloro che si espongono senza remore e freni.<\/p>\n<p><a href=\"https:\/\/www.articlemarket.it\/wp-content\/uploads\/2017\/12\/RADIOLONDRA-SIAMO-IN-ONDA-IL-NUOVO-TASSELLO-DEL-PROGETTO-INDIE-POP-CAPITANATO-DA-FRANCESCO-PICCIANO.jpg\"><img loading=\"lazy\" decoding=\"async\" class=\"size-medium wp-image-39565 aligncenter\" src=\"https:\/\/www.articlemarket.it\/wp-content\/uploads\/2017\/12\/RADIOLONDRA-SIAMO-IN-ONDA-IL-NUOVO-TASSELLO-DEL-PROGETTO-INDIE-POP-CAPITANATO-DA-FRANCESCO-PICCIANO-300x300.jpg\" alt=\"\" width=\"300\" height=\"300\" \/><\/a><\/p>\n<p>\u00ab<em>Il ritornello, in questo senso, \u00e8 una scelta, noi \u201csiamo in onda\u201d o almeno ci proviamo, e lo facciamo \u201craccontando le vite perdute che nessuno sa\u201d cio\u00e8 le storie della gente normale, la nostra storia, la nostra vita, la vita di chi preferisce avere il cuore pieno e il portafoglio vuoto, piuttosto che il contrario<\/em>\u00bb. <strong>RadioLondra<\/strong><\/p>\n<p>Il brano, scritto, prodotto e arrangiato da <strong>Francesco Picciano e Max Monti<\/strong> \u00e8 stato registrato prodotto e mixato presso lo <strong>Studio 60B<\/strong> di Forl\u00ec e presso lo <strong>Studio Scrigno<\/strong> di Fano da Stefano Dionigi.<\/p>\n<p>\u00ab<em>Scrivendo il brano avevamo in mente i Baustelle, e certi pezzi vecchissimi di Carboni; volevamo fare una cosa semplice ma forte, diretta, intensa. E\u2019 una canzone che vuole raccontare una storia che era vera una volta e lo \u00e8 ancora oggi<\/em>\u00bb. <strong>RadioLondra<\/strong><\/p>\n<p>Il progetto si inserisce nell\u2019attuale filone dell\u2019<strong>indie pop Italiano<\/strong>. RadioLondra \u00e8 una scatola da cui esce musica libera, diretta, che racconta le cose che succedono, senza retorica e senza paura di mostrare le proprie debolezze e fragilit\u00e0.<\/p>\n<p><strong>\u00a0<\/strong><\/p>\n<p><strong>Etichetta: MM2<\/strong><\/p>\n<p><strong>I RadioLondra sono: Francesco Picciano &#8211; Carlo Rinaldini &#8211; Filippo Zoffoli.<\/strong><\/p>\n<p><strong>\u00a0<\/strong><\/p>\n<p><strong>BIO<\/strong><\/p>\n<p><strong>RadioLondra<\/strong> \u00e8 un progetto che prende vita nel 2009, guidato da <strong><em>Francesco Picciano<\/em><\/strong>, gi\u00e0 vincitore nel 2007 del <strong>\u201cFestival Musicando\u201d<\/strong> di Fano, presieduto da <strong>Max Gazz\u00e8<\/strong>. Il progetto <strong>RadioLondra<\/strong> nasce insieme a <strong><em>Carlo Rinaldini<\/em><\/strong> e <strong><em>Filippo Zoffoli<\/em><\/strong>. <strong>RadioLondra<\/strong> \u00e8 una scatola da cui esce musica libera, diretta, che racconta le cose che succedono, senza paura di mostrare le proprie debolezze e fragilit\u00e0. La produzione RadioLondra spazia <strong>dall\u2019indie pop alla musica d\u2019autore<\/strong>, a volte con qualche venatura di rock, mantenendo un sound semplice all\u2019ascolto. Nel 2009 <strong>RadioLondra, <\/strong>progetto nato insieme a <em>Carlo Rinaldini<\/em> alle chitarre e <em>Filippo Zoffoli<\/em> al basso si esibisce con <em>Terra Naomi<\/em> a Bologna e Rimini, nel primo tour della cantautrice statunitense resa celebre dalla rete e dal brano \u201c<em>Say It\u2019s Possible\u201d<\/em>. Nel 2010 <strong>RadioLondra<\/strong> \u00e8 tra i finalisti del \u201cFestival Musicultura\u201d con il brano \u201c<em>Certe Volte\u201d<\/em>, che va subito in rotazione su Radio1 Rai e viene scelto come singolo di apertura della compilation di Musicultura 2010. Nel 2011 il progetto \u00e8 nuovamente tra i finalisti del prestigioso festival marchigiano, questa volta con il brano \u201c<strong>Amore sei tornata finalmente<\/strong>\u201d, che viene messo in rotazione su diverse radio locali e nazionali. Il 13 maggio 2011 esce il primo EP, \u201c<strong>Quello che c\u2019\u00e8<\/strong>\u201d, presentato con un concerto al Teatro del Mare di Riccione, che fa registrare il sold out e viene ripreso dalle telecamere del Tg2 per la rubrica \u201c<strong>Mizar<\/strong>\u201d. Successivamente \u00e8 selezionato dalla commissione artistica di Sanremo 2012, per partecipare alle audizioni di \u201c<strong>Sanremo Social<\/strong>\u201d, tenutesi in diretta televisiva su Rai 1, alla presenza della commissione stessa, presieduta da <strong>Gianni Morandi<\/strong>. Dopo alcuni anni di lavoro di ricerca sul suono, nel 2015 esce \u201c<strong>Certe Volte rework<\/strong>\u201d, partendo da ci\u00f2 che \u00e8 stato, con un vestito nuovo, per affrontare un altro viaggio. Il brano \u00e8 stato lanciato attraverso un video clip sulla pagina Facebook dei RadioLondra e in una settimana ha realizzato 16.959 visualizzazioni. A Giugno 2017, esce il singolo \u201c<strong>Puttane<\/strong>\u201d, scritto da <em>Francesco Picciano<\/em> e prodotto e arrangiato da <em>Max Monti<\/em>, <em>Francesco Picciano<\/em> e <em>Carlo Rinaldini; <\/em>a Novembre 2017 esce il nuovo singolo \u201c<strong>Siamo in onda<\/strong><em>\u201d<\/em> scritto, prodotto e arrangiato da <em>Francesco Picciano<\/em> e <em>Max Monti<\/em> e registrato presso lo <em>Studio 60B<\/em> di Forl\u00ec e presso lo <em>Studio Scrigno<\/em> di Fano da <em>Stefano Dionigi<\/em>.<\/p>\n<p>&nbsp;<\/p>\n<p><strong><u>Contatti e social<\/u><\/strong><\/p>\n<table>\n<tbody>\n<tr>\n<td width=\"116\"><strong>\u00a0<\/strong><\/p>\n<p><strong>FB<\/strong><\/p>\n<p><strong>\u00a0<\/strong><\/p>\n<p>@RadioLondraofficial<\/p>\n<p><strong>\u00a0<\/strong><\/td>\n<td width=\"87\"><strong>\u00a0<\/strong><\/p>\n<p><strong>Instagram<\/strong><\/p>\n<p><strong>\u00a0<\/strong><\/p>\n<p>@rlofficial<\/td>\n<td width=\"119\"><strong>\u00a0<\/strong><\/p>\n<p><strong>YouTube<\/strong><\/p>\n<p><strong>\u00a0<\/strong><\/p>\n<p>@RadioLondraOfficial<\/td>\n<td width=\"119\"><strong>\u00a0<\/strong><\/p>\n<p><strong>Management<\/strong><\/p>\n<p>&nbsp;<\/p>\n<p>Max Monti<\/p>\n<p>+39 3938876205<\/td>\n<\/tr>\n<\/tbody>\n<\/table>\n<p>&nbsp;<\/p>\n","protected":false},"excerpt":{"rendered":"<p>RADIOLONDRA SIAMO IN ONDA &nbsp; IL NUOVO TASSELLO DEL PROGETTO INDIE POP CAPITANATO DA FRANCESCO PICCIANO &nbsp; Il tema centrale di \u201cSiamo in onda\u201d \u00e8 quello che ruota intorno alla consapevolezza per cui la vita \u00e8 una continua battaglia legata al conseguente dovere di scegliere in continuazione da che parte stare. Da una parte coloro [&hellip;]<\/p>\n","protected":false},"author":4383,"featured_media":0,"comment_status":"open","ping_status":"open","sticky":false,"template":"","format":"standard","meta":{"footnotes":""},"categories":[3,29,12],"tags":[5037,17458,721,9776,4245,690,13907,17457,2365],"class_list":["post-27720","post","type-post","status-publish","format-standard","hentry","category-arte-e-cultura","category-comunicati","category-musica","tag-indie","tag-indie-pop","tag-musica","tag-musica-emergente","tag-musica-italiana","tag-nuovo-singolo","tag-radiolondra","tag-siamo-in-onda","tag-singolo"],"_links":{"self":[{"href":"https:\/\/www.area-press.eu\/comunicatistampa\/wp-json\/wp\/v2\/posts\/27720","targetHints":{"allow":["GET"]}}],"collection":[{"href":"https:\/\/www.area-press.eu\/comunicatistampa\/wp-json\/wp\/v2\/posts"}],"about":[{"href":"https:\/\/www.area-press.eu\/comunicatistampa\/wp-json\/wp\/v2\/types\/post"}],"author":[{"embeddable":true,"href":"https:\/\/www.area-press.eu\/comunicatistampa\/wp-json\/wp\/v2\/users\/4383"}],"replies":[{"embeddable":true,"href":"https:\/\/www.area-press.eu\/comunicatistampa\/wp-json\/wp\/v2\/comments?post=27720"}],"version-history":[{"count":1,"href":"https:\/\/www.area-press.eu\/comunicatistampa\/wp-json\/wp\/v2\/posts\/27720\/revisions"}],"predecessor-version":[{"id":27721,"href":"https:\/\/www.area-press.eu\/comunicatistampa\/wp-json\/wp\/v2\/posts\/27720\/revisions\/27721"}],"wp:attachment":[{"href":"https:\/\/www.area-press.eu\/comunicatistampa\/wp-json\/wp\/v2\/media?parent=27720"}],"wp:term":[{"taxonomy":"category","embeddable":true,"href":"https:\/\/www.area-press.eu\/comunicatistampa\/wp-json\/wp\/v2\/categories?post=27720"},{"taxonomy":"post_tag","embeddable":true,"href":"https:\/\/www.area-press.eu\/comunicatistampa\/wp-json\/wp\/v2\/tags?post=27720"}],"curies":[{"name":"wp","href":"https:\/\/api.w.org\/{rel}","templated":true}]}}