{"id":27689,"date":"2017-12-19T01:30:20","date_gmt":"2017-12-19T00:30:20","guid":{"rendered":"http:\/\/www.area-press.eu\/comunicatistampa\/?p=27689"},"modified":"2020-08-09T23:38:03","modified_gmt":"2020-08-09T21:38:03","slug":"gloria-zaccaria-jack-e-il-suo-nuovo-singolo","status":"publish","type":"post","link":"https:\/\/www.area-press.eu\/comunicatistampa\/2017\/12\/19\/gloria-zaccaria-jack-e-il-suo-nuovo-singolo\/","title":{"rendered":"Gloria Zaccaria, &#8220;Jack&#8221; \u00e8 il suo nuovo singolo"},"content":{"rendered":"<h1 style=\"text-align: center\">GLORIA ZACCARIA<\/h1>\n<h1 style=\"text-align: center\"><em>JACK\u00a0<\/em><\/h1>\n<p>&nbsp;<\/p>\n<h3 style=\"text-align: center\"><em>Dopo aver preso parte a tour internazionali e vinto importanti Premi di fama nazionale (fra cui il Premio Speciale della critica Mia Martini), l\u2019artista presenta ora un brano che approccia con sensibilit\u00e0 il delicato tema della disabilit\u00e0.<\/em><\/h3>\n<p><a href=\"https:\/\/www.articlemarket.it\/wp-content\/uploads\/2017\/12\/gloria_zaccaria_jack_cover.jpg___th_320_0.jpg\"><img loading=\"lazy\" decoding=\"async\" class=\"size-medium wp-image-39518 aligncenter\" src=\"https:\/\/www.articlemarket.it\/wp-content\/uploads\/2017\/12\/gloria_zaccaria_jack_cover.jpg___th_320_0-300x300.jpg\" alt=\"\" width=\"300\" height=\"300\" \/><\/a><\/p>\n<p>Jack \u00e8 un brano che parla di un ragazzo disabile, soprannominato Jack, che affronta la vita con coraggio e determinazione grazie all\u2019aiuto delle persone, familiari e amici, che lo affiancano. Questo \u00e8 il punto di vista di chi lo ama e che cerca di rendere possibile quello che sembra impossibile: il ritorno ad una vita, fatta \u035edi cose semplici\u035f, che siano una corsa contro il vento oppure un giro in biciletta.<\/p>\n<p>Il brano, presentato alle selezioni di Sanremo Giovani 2018, \u00e8 in fase di selezione anche per<strong> rappresentare San Marino agli Eurovision Song contest 2018.<\/strong><\/p>\n<p><strong>\u00a0<\/strong><strong>\u00a0<\/strong><\/p>\n<p><strong>Autoproduzione<\/strong><\/p>\n<p><strong>Autore: Luisa Piscitelli<\/strong><\/p>\n<p><strong>Produttore e Arrangiatore: ANTONIO CHINDAMO<\/strong><\/p>\n<p><strong>Studio di registrazione: AUDITORIA RECORDS<\/strong><\/p>\n<p><strong>Radio date: 17 novembre 2017<\/strong><\/p>\n<p><strong>\u00a0<\/strong><\/p>\n<h4><strong>BIO<\/strong><\/h4>\n<p><strong>Bresciana<\/strong> di Collebeato. A 12 anni comincia a coltivare la passione per la musica e avvia il suo percorso partecipando come voce solista al coro della scuola. A 19 anni intraprende un corso di studi presso l\u2019Accademia Lizard di Brescia che frequenta per 3 anni partecipando nel contempo a diversi concorsi canori. Da gennaio 2014 studia tecnica e interpretazione musicale dei vari generi ma soprattutto nel pop, r&amp;b e musica leggera. Ha partecipato a numerosi concorsi canori raggiungendo sempre un ottimo riscontro e risultato.<\/p>\n<ul>\n<li><strong>\u201cCantatour\u201d<\/strong> edizione 2011, 3 vittorie di tappa e 3^ classificata nella finalissima;<\/li>\n<li>Finalista per due anni consecutivi al concorso di canto <strong>\u201cMai smettere di sognare\u201d<\/strong> di Castegnato;<\/li>\n<li>Finalista regionale al concorso di canto <strong>\u201cPremio Eleonora Lavore 2014\u201d<\/strong>;<\/li>\n<li>Finalista del \u201cPremio Canzone Italiana 2014\u201d di Sirmione e Vincitrice del Premio del Pubblico.<\/li>\n<\/ul>\n<p>Nell\u2019 agosto 2015 breve tour in alcuni locali degli <strong>Stati Uniti<\/strong>, in particolar modo a <strong>LosAngeles<\/strong> e dintorni dove ha presentato le cover di brani degli anni \u201870 e \u201880 rivisitati e reinterpretati nel suo personalissimo stile.<\/p>\n<ul>\n<li>26 Ottobre 2015 ospite <strong>all\u2019evento \u201cLa Vetrina dei Talenti\u201d in Expo 2015<\/strong>;<\/li>\n<li>13 Febbraio 2016 ospite all\u2019<strong>Open Theatre di Sanremo;<\/strong><\/li>\n<li>19 Giugno 2016 protagonista della <strong>Festa della Musica<\/strong> organizzata dal Ministero dei Beni e delle Attivit\u00e0 Culturali.<\/li>\n<li>24 Settembre 2016 <strong>Concerto di beneficienza per le famiglie colpite dal terremoto di Amatrice<\/strong> in collaborazione con le \u201cAlter Echo String Quartet\u201d presso Gardaforum di Montichiari;<\/li>\n<li>21 Ottobre 2016 vincitrice del i <strong>Premio Speciale della critica Mia Martini<\/strong>;<\/li>\n<li>Dicembre 2016 breve tour in <strong>Giappone<\/strong> per alcune date del suo <strong>spettacolo \u201cMusic Parade\u201d<\/strong> omaggio alla musica internazionale degli anni \u201980 da lei reinterpretati.<\/li>\n<\/ul>\n<p>&nbsp;<\/p>\n<p><strong>DISCOGRAFIA <\/strong><\/p>\n<p>2015 Dimmi se l\u2019uomo sei tu (Singolo)<\/p>\n<p>2016 Liberi (Singolo)<\/p>\n<p>2016 Lui (Premio Mia Martini)<\/p>\n<p>2017 Amore Disegnato (Singolo)<\/p>\n<p>&nbsp;<\/p>\n<p style=\"text-align: center\"><strong><u>Contatti e social<\/u><\/strong><\/p>\n<p>&nbsp;<\/p>\n<p style=\"text-align: center\"><strong>FACEBOOK: <u><a href=\"http:\/\/www.facebook.com\/gloriazaccariaofficialpage\/\">www.facebook.com\/gloriazaccariaofficialpage\/<\/a> <\/u><\/strong><\/p>\n<p style=\"text-align: center\"><strong>CANALE YOUTUBE<u>: <a href=\"http:\/\/www.youtube.com\/channel\/UCrdagOB9dX_6JU573X2TyyQ?view_as=subscriber\">www.youtube.com\/channel\/UCrdagOB9dX_6JU573X2TyyQ?view_as=subscriber<\/a><\/u><\/strong><\/p>\n<p style=\"text-align: center\"><strong>INSTAGRAM:<u> www.instagram.com\/gloriazaccaria90\/?hl=it <\/u><\/strong><\/p>\n","protected":false},"excerpt":{"rendered":"<p>GLORIA ZACCARIA JACK\u00a0 &nbsp; Dopo aver preso parte a tour internazionali e vinto importanti Premi di fama nazionale (fra cui il Premio Speciale della critica Mia Martini), l\u2019artista presenta ora un brano che approccia con sensibilit\u00e0 il delicato tema della disabilit\u00e0. Jack \u00e8 un brano che parla di un ragazzo disabile, soprannominato Jack, che affronta [&hellip;]<\/p>\n","protected":false},"author":4383,"featured_media":0,"comment_status":"open","ping_status":"open","sticky":false,"template":"","format":"standard","meta":{"footnotes":""},"categories":[3,29,12],"tags":[13890,17431,17432,721,4245,690,2365],"class_list":["post-27689","post","type-post","status-publish","format-standard","hentry","category-arte-e-cultura","category-comunicati","category-musica","tag-gloria-zaccaria","tag-jack","tag-music-emergente","tag-musica","tag-musica-italiana","tag-nuovo-singolo","tag-singolo"],"_links":{"self":[{"href":"https:\/\/www.area-press.eu\/comunicatistampa\/wp-json\/wp\/v2\/posts\/27689","targetHints":{"allow":["GET"]}}],"collection":[{"href":"https:\/\/www.area-press.eu\/comunicatistampa\/wp-json\/wp\/v2\/posts"}],"about":[{"href":"https:\/\/www.area-press.eu\/comunicatistampa\/wp-json\/wp\/v2\/types\/post"}],"author":[{"embeddable":true,"href":"https:\/\/www.area-press.eu\/comunicatistampa\/wp-json\/wp\/v2\/users\/4383"}],"replies":[{"embeddable":true,"href":"https:\/\/www.area-press.eu\/comunicatistampa\/wp-json\/wp\/v2\/comments?post=27689"}],"version-history":[{"count":1,"href":"https:\/\/www.area-press.eu\/comunicatistampa\/wp-json\/wp\/v2\/posts\/27689\/revisions"}],"predecessor-version":[{"id":27690,"href":"https:\/\/www.area-press.eu\/comunicatistampa\/wp-json\/wp\/v2\/posts\/27689\/revisions\/27690"}],"wp:attachment":[{"href":"https:\/\/www.area-press.eu\/comunicatistampa\/wp-json\/wp\/v2\/media?parent=27689"}],"wp:term":[{"taxonomy":"category","embeddable":true,"href":"https:\/\/www.area-press.eu\/comunicatistampa\/wp-json\/wp\/v2\/categories?post=27689"},{"taxonomy":"post_tag","embeddable":true,"href":"https:\/\/www.area-press.eu\/comunicatistampa\/wp-json\/wp\/v2\/tags?post=27689"}],"curies":[{"name":"wp","href":"https:\/\/api.w.org\/{rel}","templated":true}]}}