{"id":27668,"date":"2017-12-19T01:30:19","date_gmt":"2017-12-19T00:30:19","guid":{"rendered":"http:\/\/www.area-press.eu\/comunicatistampa\/?p=27668"},"modified":"2017-12-19T01:30:19","modified_gmt":"2017-12-19T00:30:19","slug":"luigi-ferraris-il-mercato-dellenergia-nel-2016-lanalisi-di-terna","status":"publish","type":"post","link":"https:\/\/www.area-press.eu\/comunicatistampa\/2017\/12\/19\/luigi-ferraris-il-mercato-dellenergia-nel-2016-lanalisi-di-terna\/","title":{"rendered":"Luigi Ferraris: il mercato dell\u2019energia nel 2016, l\u2019analisi di Terna"},"content":{"rendered":"<p><em><strong>L&#8217;evoluzione del mercato dell&#8217;energia nel 2016: Terna, player di riferimento di settore, guidata da <a href=\"https:\/\/webmagazine.terna.it\/DettaglioNotizia\/tabid\/1449\/IdNotizia\/4870\/language\/it-IT\/Default.aspx\" title=\"Luigi Ferraris, mercato energia\">Luigi Ferraris<\/a> dall&#8217;aprile 2017, fotografa la situazione in un report contenente i dati raccolti in merito.<\/strong><\/em><\/p>\n<p><a href=\"https:\/\/webmagazine.terna.it\/DettaglioNotizia\/tabid\/1449\/IdNotizia\/4870\/language\/it-IT\/Default.aspx\" title=\"Luigi Ferraris, analisi scenario Terna\"><img loading=\"lazy\" decoding=\"async\" alt=\"Luigi Ferraris, AD Terna\" height=\"167\" src=\"http:\/\/www.executivemanager.it\/images\/comprofiler\/0_57f3c2fd850c6.jpg\" width=\"301\" \/><\/a><\/p>\n<h2>Luigi Ferraris: lo studio di Terna sui mutamenti del mercato energetico<\/h2>\n<p>\u00c8 stato un anno positivo, il 2016, per lo sviluppo energetico: in linea con la crescita del PIL (+0,9%), si \u00e8 registrato infatti un aumento della produzione lorda di energia elettrica (+2,4%) come emerge dall&#8217;approfondita analisi pubblicata da <strong>Terna<\/strong>. Per il secondo anno consecutivo, il Gruppo guidato da <strong><a href=\"https:\/\/webmagazine.terna.it\/DettaglioNotizia\/tabid\/1449\/IdNotizia\/4870\/language\/it-IT\/Default.aspx\" title=\"Luigi Ferraris, analisi Terna mercato\">Luigi Ferraris<\/a><\/strong> delinea, attraverso i dati lo stato del sistema elettrico in Italia: \u00e8 in atto un&#8217;evoluzione che proietta il settore verso un futuro pi\u00f9 sostenibile. Non a caso lo scorso anno il mercato ha conosciuto un incremento nella produzione da fonti rinnovabili relativa all&#8217;eolico (+19,2%), al geo-termoelettrico (+1,7%) e al bioenergetico (+0,6%). Lievi cali invece nel fotovoltaico (-0,8TWh rispetto al 2015) e nell&#8217;idroelettrico (-3TWh) che incidono negativamente sulla performance generale registrata dalle fonti alternative (-1TWh rispetto all&#8217;anno precedente). Relativamente al parco termoelettrico, si conferma la tendenza a puntare sui nuovi impianti a ciclo combinato a gas naturale che nel 2005 hanno sorpassato quelli ad olio combustibile: lo scorso anno ha contribuito ad accrescere ulteriormente il distacco (+19,1% rispetto al 2015 pari a circa 18TWh). Il report realizzato dal Gruppo, amministrato dallo scorso aprile da <strong>Luigi Ferraris<\/strong>, si concentra anche sul fronte consumi, dove si rilevano lievi incrementi relativi al settore industriale (+0,3%) e a quello siderurgico (+4,7%). Infine, una lieve flessione, segnata dalla domanda elettrica (-0,8%): secondo <strong>Terna<\/strong>, sul dato inciderebbe il trend positivo dovuto a un utilizzo pi\u00f9 consapevole dell&#8217;energia elettrica e a un incremento dell&#8217;efficienza energetica.<\/p>\n<h2>Terna: il ritratto professionale dell&#8217;AD Luigi Ferraris<\/h2>\n<p>Laureato in Economia Politica presso l&#8217;Universit\u00e0 di Genova, <strong>Luigi Ferraris<\/strong> avvia la propria carriera nel settore auditing di PriceWaterhouse e, in seguito, lavora in primarie realt\u00e0 internazionali come Piaggio VE, Agusta e Sasib Beverage. Tra il 1998 e il 1999 \u00e8 Chief Financial Officer (CFO) in Elsacom, societ\u00e0 del Gruppo Finmeccanica. L&#8217;esperienza precede quella in Gruppo Enel, dove il manager opera per quindici anni circa, ricoprendo diversi incarichi nell&#8217;ambito finanziario e gestionale: Amministratore Unico e Presidente, con delega, di Enel Servizi, Responsabile della Pianificazione e Controllo e Direttore della Funzione Amministrazione, Pianificazione e Controllo delle attivit\u00e0 del Gruppo, nonch\u00e9 Chief Financial Officer. \u00c8 stato inoltre Presidente di Enel Green Power S.p.A. e Consigliere d&#8217;Amministrazione in Endesa S.A., Wind Telecomunicazioni S.p.A., Enel Produzione S.p.A., Enel Distribuzione S.p.A. ed Enel Investment Holding BV. Presidente di Enel Factor S.p.A. (2009-2014) entra in Poste italiane come CFO. Da aprile 2017 guida <strong>Terna<\/strong> in qualit\u00e0 di Amministratore Delegato e Direttore Generale. <strong>Luigi Ferraris<\/strong> tiene inoltre corsi di &quot;Energy management&quot; nell&#8217;ambito del Master in Business Administration, &quot;Strategie d&#8217;impresa&quot;, &quot;Planning and Control&quot; e &quot;Sistemi di controllo di Gestione&quot;. <\/p>\n","protected":false},"excerpt":{"rendered":"<p>L&#8217;evoluzione del mercato dell&#8217;energia nel 2016: Terna, player di riferimento di settore, guidata da Luigi Ferraris dall&#8217;aprile 2017, fotografa la situazione in un report contenente i dati raccolti in merito. Luigi Ferraris: lo studio di Terna sui mutamenti del mercato energetico \u00c8 stato un anno positivo, il 2016, per lo sviluppo energetico: in linea con [&hellip;]<\/p>\n","protected":false},"author":3860,"featured_media":0,"comment_status":"open","ping_status":"open","sticky":false,"template":"","format":"standard","meta":{"footnotes":""},"categories":[5],"tags":[13847,17416],"class_list":["post-27668","post","type-post","status-publish","format-standard","hentry","category-aziendali","tag-luigi-ferraris","tag-terna"],"_links":{"self":[{"href":"https:\/\/www.area-press.eu\/comunicatistampa\/wp-json\/wp\/v2\/posts\/27668","targetHints":{"allow":["GET"]}}],"collection":[{"href":"https:\/\/www.area-press.eu\/comunicatistampa\/wp-json\/wp\/v2\/posts"}],"about":[{"href":"https:\/\/www.area-press.eu\/comunicatistampa\/wp-json\/wp\/v2\/types\/post"}],"author":[{"embeddable":true,"href":"https:\/\/www.area-press.eu\/comunicatistampa\/wp-json\/wp\/v2\/users\/3860"}],"replies":[{"embeddable":true,"href":"https:\/\/www.area-press.eu\/comunicatistampa\/wp-json\/wp\/v2\/comments?post=27668"}],"version-history":[{"count":1,"href":"https:\/\/www.area-press.eu\/comunicatistampa\/wp-json\/wp\/v2\/posts\/27668\/revisions"}],"predecessor-version":[{"id":27673,"href":"https:\/\/www.area-press.eu\/comunicatistampa\/wp-json\/wp\/v2\/posts\/27668\/revisions\/27673"}],"wp:attachment":[{"href":"https:\/\/www.area-press.eu\/comunicatistampa\/wp-json\/wp\/v2\/media?parent=27668"}],"wp:term":[{"taxonomy":"category","embeddable":true,"href":"https:\/\/www.area-press.eu\/comunicatistampa\/wp-json\/wp\/v2\/categories?post=27668"},{"taxonomy":"post_tag","embeddable":true,"href":"https:\/\/www.area-press.eu\/comunicatistampa\/wp-json\/wp\/v2\/tags?post=27668"}],"curies":[{"name":"wp","href":"https:\/\/api.w.org\/{rel}","templated":true}]}}