{"id":27652,"date":"2017-12-19T01:28:55","date_gmt":"2017-12-19T00:28:55","guid":{"rendered":"http:\/\/www.area-press.eu\/comunicatistampa\/?p=27652"},"modified":"2017-12-19T01:28:55","modified_gmt":"2017-12-19T00:28:55","slug":"depressione-riconosciuta-come-causa-collaterale-del-terremoto-dal-bando-orfani-omnibus","status":"publish","type":"post","link":"https:\/\/www.area-press.eu\/comunicatistampa\/2017\/12\/19\/depressione-riconosciuta-come-causa-collaterale-del-terremoto-dal-bando-orfani-omnibus\/","title":{"rendered":"Depressione riconosciuta come causa collaterale del Terremoto  dal Bando Orfani Omnibus\u00a0"},"content":{"rendered":"<p>&nbsp;<\/p>\n<p>Non \u00e8 la prima volta che la Omnibus Omnes Onlus tutela cause difficili e \u201cspinose\u201d. Con il suo Bando per Orfani del Terremoto ed Effetti Collaterali, aperto a livello nazionale, la Omnibus infatti ha voluto mettere l\u2019accento che non si muore solo col terremoto , ma anche con la depressione e la sindrome post traumatica, se esse non vengono trattate adeguatamente nel periodo che segue a un evento sismico, in cui una persona ha perso casa, lavoro, sicurezza. Il Bando Orfani Omnibus, supportato dalla marcia di beneficenza Walk with Peter,\u00a0 ha chiuso il primo step lo scorso 30 novembre e sono gi\u00e0 stati assegnati tre bonus da 1000 euro cadauno, di cui uno \u00e8 andato a un orfano il cui padre si \u00e8 tolto la vita nei mesi successivi al terremoto. Un caso documentato da certificati medici che testimoniano lo stato di profondo sconforto che ha portato all\u2019estremo gesto. Ci sono stati svariati casi nella zona del cratere di persone che non ce l\u2019hanno fatta ad adattarsi a situazioni precarie e che si sono suicidate, di cui alcuni casi anche molto recenti. Parlando con le persone che hanno perso casa e lavoro nel terremoto, ci si rende subito conto del grande stress fisico e mentale causato dal passare da una tendopoli ad un albergo, aspettando le famose casette SAE che poi, se arrivano, si dimostrano spesso, come ci raccontano le cronache, piene di difetti o inadeguate ad affrontare un inverno rigido. Ma ci sono tanti che non hanno nemmeno ottenuto la casetta SAE e che, come la famosa nonna Peppina di San Martino di Fiastra, non vogliono lasciare la loro terra a costo di stenti e sacrifici. \u201cSono fiera di questo riconoscimento che abbiamo assegnato ad un orfano di una vittima di un effetto collaterale del terremoto\u201d, dice Raffaella Milandri, Presidente Omnibus. \u201cVogliamo che sia un segnale per tutti, e un appello ad una assistenza psicologica pi\u00f9 efficace nella zona del cratere per evitare nuove tragedie. Mi hanno segnalato <strong>diversi casi a rischio, di persone in preda allo sconforto<\/strong>. Ci vuole pi\u00f9 umanit\u00e0 e meno burocrazia, <strong>non lasciamo sole queste persone che affrontano un secondo, duro inverno<\/strong>\u201d.\u00a0 Il Fondo Orfani del Terremoto e Cause Collaterali rimane aperto, e il progetto Walk with Peter, che supporta il progetto Omnibus insieme ad altri di due associazioni, continua. \u201cLa prima fase di raccolta fondi \u00e8 stata scarsa di risultati, ma ci auguriamo che si prosegua bene con la nostra causa. Cos\u00ec apriremo un altro bando per distribuire i fondi. Il denaro certo \u00e8 ben misera cosa di fronte alla perdita di un genitore, ma \u00e8 un piccolo aiuto per le necessit\u00e0\u201d.<\/p>\n","protected":false},"excerpt":{"rendered":"<p>&nbsp; Non \u00e8 la prima volta che la Omnibus Omnes Onlus tutela cause difficili e \u201cspinose\u201d. Con il suo Bando per Orfani del Terremoto ed Effetti Collaterali, aperto a livello nazionale, la Omnibus infatti ha voluto mettere l\u2019accento che non si muore solo col terremoto , ma anche con la depressione e la sindrome post [&hellip;]<\/p>\n","protected":false},"author":4363,"featured_media":0,"comment_status":"open","ping_status":"open","sticky":false,"template":"","format":"standard","meta":{"footnotes":""},"categories":[4],"tags":[2852,17404,17405,11179],"class_list":["post-27652","post","type-post","status-publish","format-standard","hentry","category-attualita-e-societa","tag-depressione","tag-omnibus-omnes","tag-orfani","tag-terremoto"],"_links":{"self":[{"href":"https:\/\/www.area-press.eu\/comunicatistampa\/wp-json\/wp\/v2\/posts\/27652","targetHints":{"allow":["GET"]}}],"collection":[{"href":"https:\/\/www.area-press.eu\/comunicatistampa\/wp-json\/wp\/v2\/posts"}],"about":[{"href":"https:\/\/www.area-press.eu\/comunicatistampa\/wp-json\/wp\/v2\/types\/post"}],"author":[{"embeddable":true,"href":"https:\/\/www.area-press.eu\/comunicatistampa\/wp-json\/wp\/v2\/users\/4363"}],"replies":[{"embeddable":true,"href":"https:\/\/www.area-press.eu\/comunicatistampa\/wp-json\/wp\/v2\/comments?post=27652"}],"version-history":[{"count":1,"href":"https:\/\/www.area-press.eu\/comunicatistampa\/wp-json\/wp\/v2\/posts\/27652\/revisions"}],"predecessor-version":[{"id":27653,"href":"https:\/\/www.area-press.eu\/comunicatistampa\/wp-json\/wp\/v2\/posts\/27652\/revisions\/27653"}],"wp:attachment":[{"href":"https:\/\/www.area-press.eu\/comunicatistampa\/wp-json\/wp\/v2\/media?parent=27652"}],"wp:term":[{"taxonomy":"category","embeddable":true,"href":"https:\/\/www.area-press.eu\/comunicatistampa\/wp-json\/wp\/v2\/categories?post=27652"},{"taxonomy":"post_tag","embeddable":true,"href":"https:\/\/www.area-press.eu\/comunicatistampa\/wp-json\/wp\/v2\/tags?post=27652"}],"curies":[{"name":"wp","href":"https:\/\/api.w.org\/{rel}","templated":true}]}}