{"id":27647,"date":"2017-12-19T01:28:56","date_gmt":"2017-12-19T00:28:56","guid":{"rendered":"http:\/\/www.area-press.eu\/comunicatistampa\/?p=27647"},"modified":"2017-12-19T01:28:56","modified_gmt":"2017-12-19T00:28:56","slug":"la-liberta-di-essere-diversi-mostra-fotografica-della-milandri-per-i-diritti-umani","status":"publish","type":"post","link":"https:\/\/www.area-press.eu\/comunicatistampa\/2017\/12\/19\/la-liberta-di-essere-diversi-mostra-fotografica-della-milandri-per-i-diritti-umani\/","title":{"rendered":"\u201cLa libert\u00e0 di essere diversi\u201d: mostra fotografica della Milandri per i diritti umani"},"content":{"rendered":"<p>Quattro continenti nella mostra fotografica di Raffaella Milandri, \u201cLa libert\u00e0 di essere diversi\u201d, presso la Sala Consiliare del Comune di San Benedetto del Tronto dal 7 al 22 dicembre 2017. La mostra, targata Onu Italia-Unric, \u00e8 parte della prima edizione di HOMO, Festival dei Diritti, delle Culture e dei Popoli, della Omnibus Omnes Onlus, che \u00e8 un evento sostenuto dall&#8217;Assessorato alle Pari Opportunit\u00e0 della Dott.ssa Antonella Baiocchi e dal Comune di San Benedetto del Tronto. Sono 22 le foto, decisamente suggestive e sorprendenti, \u00a0con i volti di popoli indigeni di Asia, Africa, America e Oceania; dice Raffaella Milandri, scrittrice e fotografa, che \u00e8 stata accolta in trib\u00f9 nei pi\u00f9 remoti angoli del globo: \u201cHo scelto volutamente volti di popoli molto diversi, che guardano l\u2019obiettivo con espressione seria. La loro espressione contrariata serve ad esprimere la richiesta di rispetto e giustizia per le loro tradizioni e le loro identit\u00e0, che la globalizzazione tende a cancellare. Ed \u00e8 un appello ai diritti umani e non solo alla salvaguardia di questi popoli meravigliosi, ma anche della identit\u00e0 di tutti noi\u201d. Lo scopo principale del festival \u00e8 ampliare la conoscenza e la coscienza sociale sulle diverse culture e sulle violazioni dei diritti umani. Il significato profondo di questa manifestazione \u00e8 che non esiste un NOI e un LORO in fatto di diritti umani: ci\u00f2 che succede a un popolo, prima o poi rischia di succedere a un altro.\u00a0 Il XXI\u00b0 secolo ci sta traghettando verso grandi incognite in termini di diritti umani. Molte delle foto esposte nella mostra sono inedite, e rappresentano primi piani che vanno dai Nativi Americani a Tibetani, a membri di trib\u00f9 sperdute della Papua Nuova Guinea. L\u2019iniziativa \u00e8 dedicata ai Boscimani del Kalahari, un popolo che alla fine degli anni \u201890, a fronte della scoperta di diamanti e altre risorse del sottosuolo sulle proprie terre, \u00e8 stato deportato e discriminato, e che rischia la estinzione. La Omnibus Omnes, lancia una campagna di raccolta fondi e un appello per pc e tablets usati per le scuole dei giovani Boscimani, che cercano di ottenere attraverso tecnologia e educazione scolastica un passaporto per la autonomia e la propria autodeterminazione di popolo.\u00a0https:\/\/raffaellamilandri.wordpress.com\/2017\/12\/17\/la-liberta-di-essere-diversi-mostra-fotografica-della-milandri-per-i-diritti-umani\/<\/p>\n<p>&nbsp;<\/p>\n<p>&nbsp;<\/p>\n<p>&nbsp;<\/p>\n<p>&nbsp;<\/p>\n","protected":false},"excerpt":{"rendered":"<p>Quattro continenti nella mostra fotografica di Raffaella Milandri, \u201cLa libert\u00e0 di essere diversi\u201d, presso la Sala Consiliare del Comune di San Benedetto del Tronto dal 7 al 22 dicembre 2017. La mostra, targata Onu Italia-Unric, \u00e8 parte della prima edizione di HOMO, Festival dei Diritti, delle Culture e dei Popoli, della Omnibus Omnes Onlus, che [&hellip;]<\/p>\n","protected":false},"author":4363,"featured_media":0,"comment_status":"open","ping_status":"open","sticky":false,"template":"","format":"standard","meta":{"footnotes":""},"categories":[3,29,8],"tags":[17406,13440],"class_list":["post-27647","post","type-post","status-publish","format-standard","hentry","category-arte-e-cultura","category-comunicati","category-eventi","tag-fotografia-umanitaria","tag-milandri"],"_links":{"self":[{"href":"https:\/\/www.area-press.eu\/comunicatistampa\/wp-json\/wp\/v2\/posts\/27647","targetHints":{"allow":["GET"]}}],"collection":[{"href":"https:\/\/www.area-press.eu\/comunicatistampa\/wp-json\/wp\/v2\/posts"}],"about":[{"href":"https:\/\/www.area-press.eu\/comunicatistampa\/wp-json\/wp\/v2\/types\/post"}],"author":[{"embeddable":true,"href":"https:\/\/www.area-press.eu\/comunicatistampa\/wp-json\/wp\/v2\/users\/4363"}],"replies":[{"embeddable":true,"href":"https:\/\/www.area-press.eu\/comunicatistampa\/wp-json\/wp\/v2\/comments?post=27647"}],"version-history":[{"count":2,"href":"https:\/\/www.area-press.eu\/comunicatistampa\/wp-json\/wp\/v2\/posts\/27647\/revisions"}],"predecessor-version":[{"id":27650,"href":"https:\/\/www.area-press.eu\/comunicatistampa\/wp-json\/wp\/v2\/posts\/27647\/revisions\/27650"}],"wp:attachment":[{"href":"https:\/\/www.area-press.eu\/comunicatistampa\/wp-json\/wp\/v2\/media?parent=27647"}],"wp:term":[{"taxonomy":"category","embeddable":true,"href":"https:\/\/www.area-press.eu\/comunicatistampa\/wp-json\/wp\/v2\/categories?post=27647"},{"taxonomy":"post_tag","embeddable":true,"href":"https:\/\/www.area-press.eu\/comunicatistampa\/wp-json\/wp\/v2\/tags?post=27647"}],"curies":[{"name":"wp","href":"https:\/\/api.w.org\/{rel}","templated":true}]}}