{"id":27490,"date":"2017-12-15T03:21:15","date_gmt":"2017-12-15T02:21:15","guid":{"rendered":"http:\/\/www.area-press.eu\/comunicatistampa\/?p=27490"},"modified":"2020-08-09T23:38:06","modified_gmt":"2020-08-09T21:38:06","slug":"stefano-virga-lamore-dentro-e-il-nuovo-singolo-del-cantautore-siciliano","status":"publish","type":"post","link":"https:\/\/www.area-press.eu\/comunicatistampa\/2017\/12\/15\/stefano-virga-lamore-dentro-e-il-nuovo-singolo-del-cantautore-siciliano\/","title":{"rendered":"Stefano Virga, &#8220;L&#8217;amore dentro&#8221; \u00e8 il nuovo singolo del cantautore siciliano"},"content":{"rendered":"<h1 style=\"text-align: center\">STEFANO VIRGA<\/h1>\n<h2 style=\"text-align: center\"><em>L&#8217;AMORE DENTRO<\/em><\/h2>\n<h3 style=\"text-align: center\"><em>La musica non come atto di riparazione, ma come fonte di nutrimento di sentimenti e speranze.<\/em><\/h3>\n<p><em>\u00a0<\/em><\/p>\n<p><strong>\u201cL\u2019amore dentro\u201d<\/strong> \u00e8 una canzone di impronta rock melodica dove anima e amore si rincorrono legati al distorsore della chitarra. Un brano efficace, netto, la cui validit\u00e0 viene celebrata da un duplice registro stilistico dove tutte le emozioni sono tenute strette fino ad esplodere.<\/p>\n<p><em>\u00abL&#8217;amore non \u00e8 palese ma crea energia, il colore \u00e8 sovrastato dal buio, il brivido \u00e8 scusa per andare avanti. La stessa efficacia si riconosce in tutto il brano caratterizzato da una struttura semplice dove l&#8217;amore esplode insieme all&#8217;assolo di chitarra\u00bb. <\/em><strong>Stefano Virga<\/strong><\/p>\n<p>&nbsp;<\/p>\n<p><strong>Radio date: 20 ottobre 2017<\/strong><\/p>\n<p><strong>Etichetta: Virgs<\/strong><\/p>\n<p>&nbsp;<\/p>\n<h4><strong>BIO<\/strong><\/h4>\n<p><strong>Stefano Virga<\/strong> nasce a Palermo nel \u201968. Sempre vicino alla musica, lavora come dj e in piccole radio private. Nel 1986 il primo album in collaborazione con il maestro Matteo Buttic\u00e8, autore del brano \u201cAndavo a 100 allora\u201d. Per la Interbeat \u2013Wea, in collaborazione con Luigi Piergiovanni incide i due singoli \u201cE Buonanotte\u201d e \u201cGli occhi delle donne\u201d, quest\u2019ultimo presente nella compilation <strong>\u201cAnni 90\u201d.<\/strong><\/p>\n<p>Nel 1993 arriva il cd <strong>\u201cParadisi artificiali\u201d<\/strong> grazie alla collaborazione di Alessandro Maria Barelli, dove Stefano affronta tematiche sociali, reagendo alle situazioni drammatiche delle nuove generazioni. L\u2019autore si ripropone cinque anni dopo con l\u2019album <strong>\u201cSciureru\u201d<\/strong> che vede la collaborazione di Riccardo Cimino e Aldo Azzaro. Nel 2006 esce il nuovo cd: <strong>\u201cPunto e Virga\u201d<\/strong> che segna l\u2019inizio di una nuova situazione; l\u2019autore si ripropone in una chiave diversa rispetto al passato. Un nuovo inizio, una nuova fase, un periodo diverso. Un cd sentito dall\u2019inizio alla fine, dove per\u00f2 non poteva mancare il tocco d\u2019autore grazie alla collaborazione di Cesare Chiodo che firma il pezzo \u201cAmore Digitale\u201d. Qui il lavoro in studio viene superato dalla vita quotidiana: le sensazioni, le emozioni, perch\u00e9 no, le avventure quotidiane si riflettono nelle composizioni e diventano musica vera, suonata. Proprio per questo il disco pu\u00f2 essere definito \u201cartigianale\u201d, nato nella sala prove grazie alla collaborazione dei musicisti che hanno provato i pezzi, li hanno cambiati, arrangiati, vissuti; cos\u00ec il cd diviene \u201croba\u201d da musicisti e non da arrangiatori, un pezzo artigianale, forse non perfetto, ma unico. Nel 2014 esce l\u2019album <strong>\u201cPasso\u201d<\/strong> che raccoglie monologhi del cuore, di un cuore trafitto, di un cuore senza battito, ma di un cuore che riesce a rimandare all&#8217;amore.<\/p>\n<p><strong>L&#8217;autore non crede alla musica come atto di riparazione, essa ha il valore di nutrimento dei sentimenti, dell&#8217;amore, dei desideri, delle speranze.<\/strong><\/p>\n<p><strong>\u00a0<\/strong><\/p>\n<p style=\"text-align: center\"><strong><u>Contatti e social<\/u><\/strong><\/p>\n<p style=\"text-align: center\"><strong>Spotify: <a href=\"https:\/\/open.spotify.com\/artist\/4hAPiT4iK1ID6NBBEsyeuY?autoplay=true\">https:\/\/open.spotify.com\/artist\/4hAPiT4iK1ID6NBBEsyeuY?autoplay=true<\/a><\/strong><\/p>\n<p style=\"text-align: center\"><strong>Canale YouTube: <a href=\"https:\/\/www.youtube.com\/channel\/UCFkHXg4w3wKNSBExg0pH_Vg\">https:\/\/www.youtube.com\/channel\/UCFkHXg4w3wKNSBExg0pH_Vg<\/a><\/strong><\/p>\n","protected":false},"excerpt":{"rendered":"<p>STEFANO VIRGA L&#8217;AMORE DENTRO La musica non come atto di riparazione, ma come fonte di nutrimento di sentimenti e speranze. \u00a0 \u201cL\u2019amore dentro\u201d \u00e8 una canzone di impronta rock melodica dove anima e amore si rincorrono legati al distorsore della chitarra. Un brano efficace, netto, la cui validit\u00e0 viene celebrata da un duplice registro stilistico [&hellip;]<\/p>\n","protected":false},"author":4383,"featured_media":0,"comment_status":"open","ping_status":"open","sticky":false,"template":"","format":"standard","meta":{"footnotes":""},"categories":[29],"tags":[17337,2990,721,9776,4245,690,2365,17336],"class_list":["post-27490","post","type-post","status-publish","format-standard","hentry","category-comunicati","tag-lamore-dentro","tag-music","tag-musica","tag-musica-emergente","tag-musica-italiana","tag-nuovo-singolo","tag-singolo","tag-stefano-virga"],"_links":{"self":[{"href":"https:\/\/www.area-press.eu\/comunicatistampa\/wp-json\/wp\/v2\/posts\/27490","targetHints":{"allow":["GET"]}}],"collection":[{"href":"https:\/\/www.area-press.eu\/comunicatistampa\/wp-json\/wp\/v2\/posts"}],"about":[{"href":"https:\/\/www.area-press.eu\/comunicatistampa\/wp-json\/wp\/v2\/types\/post"}],"author":[{"embeddable":true,"href":"https:\/\/www.area-press.eu\/comunicatistampa\/wp-json\/wp\/v2\/users\/4383"}],"replies":[{"embeddable":true,"href":"https:\/\/www.area-press.eu\/comunicatistampa\/wp-json\/wp\/v2\/comments?post=27490"}],"version-history":[{"count":1,"href":"https:\/\/www.area-press.eu\/comunicatistampa\/wp-json\/wp\/v2\/posts\/27490\/revisions"}],"predecessor-version":[{"id":27492,"href":"https:\/\/www.area-press.eu\/comunicatistampa\/wp-json\/wp\/v2\/posts\/27490\/revisions\/27492"}],"wp:attachment":[{"href":"https:\/\/www.area-press.eu\/comunicatistampa\/wp-json\/wp\/v2\/media?parent=27490"}],"wp:term":[{"taxonomy":"category","embeddable":true,"href":"https:\/\/www.area-press.eu\/comunicatistampa\/wp-json\/wp\/v2\/categories?post=27490"},{"taxonomy":"post_tag","embeddable":true,"href":"https:\/\/www.area-press.eu\/comunicatistampa\/wp-json\/wp\/v2\/tags?post=27490"}],"curies":[{"name":"wp","href":"https:\/\/api.w.org\/{rel}","templated":true}]}}