{"id":27486,"date":"2017-12-15T03:21:15","date_gmt":"2017-12-15T02:21:15","guid":{"rendered":"http:\/\/www.area-press.eu\/comunicatistampa\/?p=27486"},"modified":"2017-12-15T03:21:15","modified_gmt":"2017-12-15T02:21:15","slug":"arrivano-a-parma-i-mattoncini-piu-famosi-del-mondo","status":"publish","type":"post","link":"https:\/\/www.area-press.eu\/comunicatistampa\/2017\/12\/15\/arrivano-a-parma-i-mattoncini-piu-famosi-del-mondo\/","title":{"rendered":"ARRIVANO A PARMA I MATTONCINI PI\u00d9  FAMOSI DEL MONDO"},"content":{"rendered":"<p><strong>Per un intero week end dal 15 al 17 dicembre\u00a0i bambini possono giocare\u00a0 senza sosta\u00a0 <\/strong><\/p>\n<p><strong>per costruire il Villaggio di Babbo Natale<\/strong><\/p>\n<p>Uno spazio per giocare, costruire e inventare in tutta libert\u00e0, con le forme, i colori, le infinite possibilit\u00e0 che solo i mattoncini consentono, sar\u00e0 a disposizione dei bambini questo week end presso l\u2019area appositamente allestita al centro commerciale Eurosia di Parma.<\/p>\n<p>Avere a disposizione tanti pezzi da assemblare \u00e8 qualcosa di straordinario per ogni bambino: macchine, edifici, citt\u00e0, luoghi sognati, desiderati, ideali, diventano qualcosa di concreto tra le mani dei <em>piccoli ingegneri<\/em>, che mettono in campo non solo la fantasia, ma anche la capacit\u00e0 di comprendere il rapporto di dimensioni e proporzioni, prendendo confidenza con il concetto di spazio.<\/p>\n<p>Le valenze educative sono indubbie: giocando con i mattoncini o si impara ad acquisire doti di pazienza e perseveranza, a portare a termine un progetto seguendo un ordine e dei passaggi ben precisi, senza avere fetta, ma rispettando il tempo necessario.<\/p>\n<p>Senza tralasciare l\u2019occasione di stare con i propri coetanei, di confrontarsi, collaborare per realizzare qualcosa di pi\u00f9 grande e pi\u00f9 bello.<\/p>\n<p><strong>Presso l\u2019area appositamente allestita al centro commerciale Eurosia di Parma, dal 15 al 17 dicembre, dalle 10.00,<\/strong>\u00a0i bambini possono giocare\u00a0 senza sosta, scatenare la fantasia, la creativit\u00e0, la voglia di sperimentare, provando a creare il meraviglioso Villaggio di Babbo Natale.<\/p>\n<p>Qualche anticipazione degli eventi previsti fino al 7 gennaio: <strong>Sabato 30 dicembre dalle 10.00 alle 13.00 <\/strong>chi presenta la Card e uno scontrino da 20\u20ac avr\u00e0 \u00a0in omaggio lo spumante per brindare al Nuovo Anno.<\/p>\n<p><strong>Il 4, 5, 6 gennaio torna <em>La Befana pi\u00f9 buona che c\u2019\u00e8, <\/em><\/strong>che offre la calza e chiede una piccola offerta per aiutare i piccoli degenti dell\u2019Ospedale dei Bambini di Parma.<\/p>\n<p><strong>Domenica 7 gennaio grande evento con i PJ Masks.<\/strong><\/p>\n<p>&nbsp;<\/p>\n","protected":false},"excerpt":{"rendered":"<p>Per un intero week end dal 15 al 17 dicembre\u00a0i bambini possono giocare\u00a0 senza sosta\u00a0 per costruire il Villaggio di Babbo Natale Uno spazio per giocare, costruire e inventare in tutta libert\u00e0, con le forme, i colori, le infinite possibilit\u00e0 che solo i mattoncini consentono, sar\u00e0 a disposizione dei bambini questo week end presso l\u2019area [&hellip;]<\/p>\n","protected":false},"author":3395,"featured_media":0,"comment_status":"open","ping_status":"open","sticky":false,"template":"","format":"standard","meta":{"footnotes":""},"categories":[29],"tags":[],"class_list":["post-27486","post","type-post","status-publish","format-standard","hentry","category-comunicati"],"_links":{"self":[{"href":"https:\/\/www.area-press.eu\/comunicatistampa\/wp-json\/wp\/v2\/posts\/27486","targetHints":{"allow":["GET"]}}],"collection":[{"href":"https:\/\/www.area-press.eu\/comunicatistampa\/wp-json\/wp\/v2\/posts"}],"about":[{"href":"https:\/\/www.area-press.eu\/comunicatistampa\/wp-json\/wp\/v2\/types\/post"}],"author":[{"embeddable":true,"href":"https:\/\/www.area-press.eu\/comunicatistampa\/wp-json\/wp\/v2\/users\/3395"}],"replies":[{"embeddable":true,"href":"https:\/\/www.area-press.eu\/comunicatistampa\/wp-json\/wp\/v2\/comments?post=27486"}],"version-history":[{"count":1,"href":"https:\/\/www.area-press.eu\/comunicatistampa\/wp-json\/wp\/v2\/posts\/27486\/revisions"}],"predecessor-version":[{"id":27487,"href":"https:\/\/www.area-press.eu\/comunicatistampa\/wp-json\/wp\/v2\/posts\/27486\/revisions\/27487"}],"wp:attachment":[{"href":"https:\/\/www.area-press.eu\/comunicatistampa\/wp-json\/wp\/v2\/media?parent=27486"}],"wp:term":[{"taxonomy":"category","embeddable":true,"href":"https:\/\/www.area-press.eu\/comunicatistampa\/wp-json\/wp\/v2\/categories?post=27486"},{"taxonomy":"post_tag","embeddable":true,"href":"https:\/\/www.area-press.eu\/comunicatistampa\/wp-json\/wp\/v2\/tags?post=27486"}],"curies":[{"name":"wp","href":"https:\/\/api.w.org\/{rel}","templated":true}]}}