{"id":27469,"date":"2017-12-15T03:21:13","date_gmt":"2017-12-15T02:21:13","guid":{"rendered":"http:\/\/www.area-press.eu\/comunicatistampa\/?p=27469"},"modified":"2017-12-15T03:21:13","modified_gmt":"2017-12-15T02:21:13","slug":"berga-party-venerdi-15-dicembre-in-galleria-berga","status":"publish","type":"post","link":"https:\/\/www.area-press.eu\/comunicatistampa\/2017\/12\/15\/berga-party-venerdi-15-dicembre-in-galleria-berga\/","title":{"rendered":"BErga pARTy &#8211; Venerd\u00ec 15 dicembre in Galleria Berga"},"content":{"rendered":"<p><strong>BErga pARTy: aperitivo di Natale in Galleria Berga con i Liberi Pensatori<\/strong><\/p>\n<p><strong>L\u2019evento avr\u00e0 luogo venerd\u00ec 15 dicembre dalle ore 18.00 in occasione della mostra \u201cLa parola dipinta\u201d di Alfredo Rapetti Mogol<\/strong><\/p>\n<p>&nbsp;<\/p>\n<p>Venerd\u00ec 15 dicembre, in prossimit\u00e0 delle feste natalizie, in Galleria Berga avr\u00e0 luogo BErga pARTy: un aperitivo originale per farsi gli auguri e discutere d\u2019arte.<\/p>\n<p>Come avvicinare i giovani alla cultura? Da questa domanda \u00e8 nata l\u2019inaspettata collaborazione tra la Galleria Berga e i Liberi Pensatori, associazione vicentina impegnata a rendere migliore la citt\u00e0 attraverso l\u2019attivismo culturale. In risposta al quesito \u00e8 stato creato l\u2019evento BErga pARTy: un\u2019esperienza completa e dinamica che renda accessibile l\u2019arte ad un pubblico ampio.<\/p>\n<p>Lo sfondo della serata saranno le opere della mostra \u201cLa parola dipinta\u201d di Alfredo Rapetti Mogol, pittore elegante e poliedrico, meglio conosciuto con lo pseudonimo Cheope, con il quale ha composto canzoni per artisti del calibro di Ivan Graziani, Laura Pausini, Raf, Celentano, .. Alfredo Rapetti sar\u00e0 presente all\u2019evento, rendendo questa immersione nell\u2019arte ancora pi\u00f9 coinvolgente e personale.<\/p>\n<p>Durante la serata sar\u00e0 possibile assaggiare le eccellenze del territorio: dal frizzante vino della Cantina Villa Sandi, all\u2019avvolgente dolcezza dei prodotti Loison. La cultura diventa anche tradizione del gusto. Inoltre, gli ospiti saranno accompagnati dall\u2019irresistibile sound degli SwingJob, giovani talenti della musica che hanno saputo elaborare uno stile inconfondibile.<\/p>\n<p>Un evento inusuale per la Galleria Berga, che trasmette un messaggio contemporaneo di apertura e sperimentazione dell\u2019arte e della cultura: il desiderio \u00e8 che vadano vissute in prima persona da un pubblico pi\u00f9 esteso, in un ambiente permeato di storia, sempre nell\u2019arte e per l\u2019arte.<\/p>\n<p>Quindi siate arte, BE ART.<\/p>\n<p>&nbsp;<\/p>\n<p><strong>Parteciper\u00e0 alla serata l\u2019artista Alfredo Rapetti Mogol<\/strong><\/p>\n<p><strong>L\u2019evento \u00e8 stato organizzato dalla Galleria Berga e i Liberi Pensatori (<\/strong><a href=\"http:\/\/www.liberipensatori.it\"><strong>www.liberipensatori.it<\/strong><\/a><strong>)<\/strong><\/p>\n<p><strong>\u00a0<\/strong><\/p>\n<p><strong>Galleria Berga<\/strong><\/p>\n<p><strong>Contr\u00e0 porton del Luzzo, 16<\/strong><\/p>\n<p><strong>36100 Vicenza<\/strong><\/p>\n<p><a href=\"mailto:info@galleriaberga.it\"><strong>info@galleriaberga.it<\/strong><\/a><\/p>\n<p><strong>www.galleriaberga.it<\/strong><\/p>\n","protected":false},"excerpt":{"rendered":"<p>BErga pARTy: aperitivo di Natale in Galleria Berga con i Liberi Pensatori L\u2019evento avr\u00e0 luogo venerd\u00ec 15 dicembre dalle ore 18.00 in occasione della mostra \u201cLa parola dipinta\u201d di Alfredo Rapetti Mogol &nbsp; Venerd\u00ec 15 dicembre, in prossimit\u00e0 delle feste natalizie, in Galleria Berga avr\u00e0 luogo BErga pARTy: un aperitivo originale per farsi gli auguri [&hellip;]<\/p>\n","protected":false},"author":167,"featured_media":0,"comment_status":"open","ping_status":"open","sticky":false,"template":"","format":"standard","meta":{"footnotes":""},"categories":[3,4,29,8],"tags":[],"class_list":["post-27469","post","type-post","status-publish","format-standard","hentry","category-arte-e-cultura","category-attualita-e-societa","category-comunicati","category-eventi"],"_links":{"self":[{"href":"https:\/\/www.area-press.eu\/comunicatistampa\/wp-json\/wp\/v2\/posts\/27469","targetHints":{"allow":["GET"]}}],"collection":[{"href":"https:\/\/www.area-press.eu\/comunicatistampa\/wp-json\/wp\/v2\/posts"}],"about":[{"href":"https:\/\/www.area-press.eu\/comunicatistampa\/wp-json\/wp\/v2\/types\/post"}],"author":[{"embeddable":true,"href":"https:\/\/www.area-press.eu\/comunicatistampa\/wp-json\/wp\/v2\/users\/167"}],"replies":[{"embeddable":true,"href":"https:\/\/www.area-press.eu\/comunicatistampa\/wp-json\/wp\/v2\/comments?post=27469"}],"version-history":[{"count":1,"href":"https:\/\/www.area-press.eu\/comunicatistampa\/wp-json\/wp\/v2\/posts\/27469\/revisions"}],"predecessor-version":[{"id":27470,"href":"https:\/\/www.area-press.eu\/comunicatistampa\/wp-json\/wp\/v2\/posts\/27469\/revisions\/27470"}],"wp:attachment":[{"href":"https:\/\/www.area-press.eu\/comunicatistampa\/wp-json\/wp\/v2\/media?parent=27469"}],"wp:term":[{"taxonomy":"category","embeddable":true,"href":"https:\/\/www.area-press.eu\/comunicatistampa\/wp-json\/wp\/v2\/categories?post=27469"},{"taxonomy":"post_tag","embeddable":true,"href":"https:\/\/www.area-press.eu\/comunicatistampa\/wp-json\/wp\/v2\/tags?post=27469"}],"curies":[{"name":"wp","href":"https:\/\/api.w.org\/{rel}","templated":true}]}}