{"id":27413,"date":"2017-12-13T05:39:41","date_gmt":"2017-12-13T04:39:41","guid":{"rendered":"http:\/\/www.area-press.eu\/comunicatistampa\/?p=27413"},"modified":"2017-12-13T05:39:41","modified_gmt":"2017-12-13T04:39:41","slug":"in-uscita-oggi-per-edizioni-leucotea-un-nuovo-affascinate-giallo-andra-tutto-bene-dello-scrittore-romano-simoni","status":"publish","type":"post","link":"https:\/\/www.area-press.eu\/comunicatistampa\/2017\/12\/13\/in-uscita-oggi-per-edizioni-leucotea-un-nuovo-affascinate-giallo-andra-tutto-bene-dello-scrittore-romano-simoni\/","title":{"rendered":"In uscita oggi per Edizioni Leucotea un nuovo affascinate giallo: \u201cAndr\u00e0 tutto bene\u201d dello scrittore Romano Simoni."},"content":{"rendered":"<h3>E se non credessi alla colpevolezza di una persona cosa faresti? B\u00e8 Emma Delfino, professione insegnate, non ha dubbi: cercare la verit\u00e0!<\/h3>\n<p>Non \u00e8 che volesse diventare una prof-investigatrice come quelle dei romanzi o della TV, ma quando l\u2019imputato di omicidio \u00e8 il suo ex fidanzato Emma Delfino, insegante di Lettere, non pu\u00f2 fare a meno di far qualcosa per salvarlo da quella accusa ingiusta.<\/p>\n<p>Certo, lui l\u2019ha lasciata per un\u2019altra donna, che ha poi spostato e che \u00e8 colei che Filippo avrebbe ucciso, ma la cosa non quadra.<\/p>\n<p>L\u2019impegno non basta per arrivare alla verit\u00e0, anche perch\u00e9 a differenza dei romanzi al posto di un commissario benevolo e ben disposto ne trover\u00e0 uno po\u2019 scorbutico ma, soprattutto, gi\u00e0 sicuro di aver risolto il caso!<\/p>\n<p>Fortuna che il suo vice non sia dello stesso avviso, diventando un prezioso collaboratore della prof-investigatrice.<\/p>\n<p>Indagine svolta al di fuori delle fila delle forze dell\u2019ordine con metodi poco ortodossi e un guizzo tutto femminile per la ricerca della verit\u00e0.<\/p>\n<p>Romano Simoni \u00e8 nato a Bentivoglio (BO) nel 1973 e vive a Montanaso Lombardo (LO) con la\u00a0 moglie e due figlie. Dopo la laurea in letteratura greca all&#8217;Universit\u00e0 Statale di Milano ha iniziato la professione di docente di materie umanistiche sia alle scuole medie che alle superiori.<\/p>\n<p>Oltre che al giallo si \u00e8 dedicato all&#8217;horror (<i>I Racconti di Cantelmia<\/i>,\u00a0<i>Specchi sogni streghe<\/i>), alla poesia (<i>Compresenze<\/i>), alla fiaba (<i>Fiabe della buona e della mala notte<\/i>), al teatro (<i>Quattro finzioni grec<\/i>he) e al romanzo di formazione (<i>La forma pi\u00f9 lunga<\/i>, incentrato sull&#8217;altra sua passione, la pratica del karate).<\/p>\n<p>&nbsp;<\/p>\n<p><span id=\"OBJ_PREFIX_DWT78_com_zimbra_url\" class=\"Object\"><a href=\"http:\/\/www.edizionileucotea.it\/\" target=\"_blank\" rel=\"noopener\">www.edizionileucotea.it<\/a><\/span><\/p>\n","protected":false},"excerpt":{"rendered":"<p>E se non credessi alla colpevolezza di una persona cosa faresti? B\u00e8 Emma Delfino, professione insegnate, non ha dubbi: cercare la verit\u00e0! Non \u00e8 che volesse diventare una prof-investigatrice come quelle dei romanzi o della TV, ma quando l\u2019imputato di omicidio \u00e8 il suo ex fidanzato Emma Delfino, insegante di Lettere, non pu\u00f2 fare a [&hellip;]<\/p>\n","protected":false},"author":45,"featured_media":0,"comment_status":"open","ping_status":"open","sticky":false,"template":"","format":"standard","meta":{"footnotes":""},"categories":[3,29,7],"tags":[],"class_list":["post-27413","post","type-post","status-publish","format-standard","hentry","category-arte-e-cultura","category-comunicati","category-economia-e-finanza"],"_links":{"self":[{"href":"https:\/\/www.area-press.eu\/comunicatistampa\/wp-json\/wp\/v2\/posts\/27413","targetHints":{"allow":["GET"]}}],"collection":[{"href":"https:\/\/www.area-press.eu\/comunicatistampa\/wp-json\/wp\/v2\/posts"}],"about":[{"href":"https:\/\/www.area-press.eu\/comunicatistampa\/wp-json\/wp\/v2\/types\/post"}],"author":[{"embeddable":true,"href":"https:\/\/www.area-press.eu\/comunicatistampa\/wp-json\/wp\/v2\/users\/45"}],"replies":[{"embeddable":true,"href":"https:\/\/www.area-press.eu\/comunicatistampa\/wp-json\/wp\/v2\/comments?post=27413"}],"version-history":[{"count":2,"href":"https:\/\/www.area-press.eu\/comunicatistampa\/wp-json\/wp\/v2\/posts\/27413\/revisions"}],"predecessor-version":[{"id":27415,"href":"https:\/\/www.area-press.eu\/comunicatistampa\/wp-json\/wp\/v2\/posts\/27413\/revisions\/27415"}],"wp:attachment":[{"href":"https:\/\/www.area-press.eu\/comunicatistampa\/wp-json\/wp\/v2\/media?parent=27413"}],"wp:term":[{"taxonomy":"category","embeddable":true,"href":"https:\/\/www.area-press.eu\/comunicatistampa\/wp-json\/wp\/v2\/categories?post=27413"},{"taxonomy":"post_tag","embeddable":true,"href":"https:\/\/www.area-press.eu\/comunicatistampa\/wp-json\/wp\/v2\/tags?post=27413"}],"curies":[{"name":"wp","href":"https:\/\/api.w.org\/{rel}","templated":true}]}}